{"id":7119,"date":"2026-03-11T16:46:31","date_gmt":"2026-03-11T15:46:31","guid":{"rendered":"https:\/\/ff-sghoya.de\/?p=7119"},"modified":"2026-03-11T16:46:31","modified_gmt":"2026-03-11T15:46:31","slug":"heckenbrand-in-hoya","status":"publish","type":"post","link":"https:\/\/ff-sghoya.de\/?p=7119","title":{"rendered":"Heckenbrand in Hoya"},"content":{"rendered":"\n<p>Am Mittwochmorgen wurde die Feuerwehr Hoya um 10.14 Uhr zu einem Einsatz in die Johann \u2013 Beckmann \u2013 Stra\u00dfe gerufen. Dort war eine Lebensbaumhecke in Brand geraten und drohte auf ein h\u00f6lzernes Gartenhaus \u00fcberzugreifen. \u00a014 Brandsch\u00fctzer r\u00fcckten daraufhin mit 2 Fahrzeugen aus und l\u00f6schten die in Vollbrand stehende Hecke mit Wasser aus dem Tankl\u00f6schfahrzeug ab. Dank des schnellen Eingreifens der Feuerwehr konnte der Schaden am Gartenhaus gering\u00a0 gehalten werden, lediglich die Kunststoffdachrinne war aufgrund der W\u00e4rmestrahlung geschmolzen. Einsatzleiterin Petra Guder lies den Bereich noch mit einer W\u00e4rmebildkamera kontrollieren und so konnte der Einsatz nach ca. 30 Minuten abgeschlossen werden. \u00a0<\/p>\n\n\n\n<figure class=\"wp-block-image size-full is-resized\"><img loading=\"lazy\" decoding=\"async\" width=\"328\" height=\"438\" src=\"https:\/\/ff-sghoya.de\/wp-content\/uploads\/2026\/03\/75ca82f5-79dc-4f15-b817-79329b3c47ca.jpg\" alt=\"\" class=\"wp-image-7120\" style=\"aspect-ratio:0.748876204067071;width:457px;height:auto\"\/><\/figure>\n\n\n","protected":false},"excerpt":{"rendered":"<p>Am Mittwochmorgen wurde die Feuerwehr Hoya um 10.14 Uhr zu einem Einsatz in die Johann \u2013 Beckmann \u2013 Stra\u00dfe gerufen.<\/p>\n","protected":false},"author":43,"featured_media":0,"comment_status":"closed","ping_status":"closed","sticky":false,"template":"","format":"standard","meta":{"colormag_page_container_layout":"default_layout","colormag_page_sidebar_layout":"default_layout","footnotes":""},"categories":[31,72],"tags":[],"class_list":["post-7119","post","type-post","status-publish","format-standard","hentry","category-einsaetze","category-stuetzpunkt-hoya"],"_links":{"self":[{"href":"https:\/\/ff-sghoya.de\/index.php?rest_route=\/wp\/v2\/posts\/7119","targetHints":{"allow":["GET"]}}],"collection":[{"href":"https:\/\/ff-sghoya.de\/index.php?rest_route=\/wp\/v2\/posts"}],"about":[{"href":"https:\/\/ff-sghoya.de\/index.php?rest_route=\/wp\/v2\/types\/post"}],"author":[{"embeddable":true,"href":"https:\/\/ff-sghoya.de\/index.php?rest_route=\/wp\/v2\/users\/43"}],"replies":[{"embeddable":true,"href":"https:\/\/ff-sghoya.de\/index.php?rest_route=%2Fwp%2Fv2%2Fcomments&post=7119"}],"version-history":[{"count":1,"href":"https:\/\/ff-sghoya.de\/index.php?rest_route=\/wp\/v2\/posts\/7119\/revisions"}],"predecessor-version":[{"id":7121,"href":"https:\/\/ff-sghoya.de\/index.php?rest_route=\/wp\/v2\/posts\/7119\/revisions\/7121"}],"wp:attachment":[{"href":"https:\/\/ff-sghoya.de\/index.php?rest_route=%2Fwp%2Fv2%2Fmedia&parent=7119"}],"wp:term":[{"taxonomy":"category","embeddable":true,"href":"https:\/\/ff-sghoya.de\/index.php?rest_route=%2Fwp%2Fv2%2Fcategories&post=7119"},{"taxonomy":"post_tag","embeddable":true,"href":"https:\/\/ff-sghoya.de\/index.php?rest_route=%2Fwp%2Fv2%2Ftags&post=7119"}],"curies":[{"name":"wp","href":"https:\/\/api.w.org\/{rel}","templated":true}]}}