{"id":7109,"date":"2026-03-09T12:56:18","date_gmt":"2026-03-09T11:56:18","guid":{"rendered":"https:\/\/ff-sghoya.de\/?p=7109"},"modified":"2026-03-09T16:23:53","modified_gmt":"2026-03-09T15:23:53","slug":"erfolgreicher-abschluss-der-qs-2-ausbildung-in-der-samtgemeinde-grafschaft-hoya","status":"publish","type":"post","link":"https:\/\/ff-sghoya.de\/?p=7109","title":{"rendered":"Erfolgreicher Abschluss der QS 2-Ausbildung in der Samtgemeinde Grafschaft Hoya"},"content":{"rendered":"\n<p><\/p>\n\n\n\n<p>In der Samtgemeinde Grafschaft Hoya haben 31 Feuerwehrangeh\u00f6rige erfolgreich die Qualifikation QS 2 \u2013 Truppmitglied abgeschlossen. Der Lehrgang wurde in diesem Jahr erstmals in dieser Form in der Samtgemeinde durchgef\u00fchrt und ist Teil der neuen modularen Grundausbildung der Feuerwehr.<br>Der Lehrgang begann Mitte Februar und fand \u00fcber einen Zeitraum von rund drei Wochen dreimal pro Woche statt. Insgesamt absolvierten die Teilnehmer 6 Unterrichtseinheiten Theorie sowie 36 Unterrichtseinheiten praktische Ausbildung. Geleitet wurde die Ausbildung von Arne Holze und Henning Nolte als Leiter der QS 1- und QS 2-Ausbildung. Unterst\u00fctzt wurden sie von acht weiteren Ausbildern im Ausbildungsteam sowie von zahlreichen Ortsfeuerwehren der Samtgemeinde, da ein besonderer Bestandteil der Ausbildung die Durchf\u00fchrung der einzelnen Module an verschiedenen Standorten war. Ausbildungsdienste \u00fcbernahmen die Feuerwehren Wienbergen und Magelsen, Eystrup und B\u00fccken, die Feuerwehren der Gemeinde Warpe, Schweringen sowie Hoya und Hoyerhagen. Dar\u00fcber hinaus unterst\u00fctzten die Umweltschutzeinheit der Samtgemeinde-Feuerwehr, der THW-Ortsverband Hoya sowie das Unternehmen Smurfit Westrock am Standort Hoya die Ausbildung.<br>Die wechselnden Ausbildungsorte erm\u00f6glichten realistische \u00dcbungsbedingungen und vielf\u00e4ltige praktische Ausbildungsinhalte. Ein Ausbildungstag fand im Eystruper Ger\u00e4tehaus statt. Die neuen Feuerwehrkameraden besch\u00e4ftigten sich am Vormittag mit den theoretischen Grundlagen der Module Technische Hilfeleistung sowie ABC-Gefahrstoffe. Am Nachmittag wurde das erlernte Wissen an vier praktischen Stationen vertieft. Ge\u00fcbt wurden T\u00fcr\u00f6ffnung, das Trennen verschiedener Materialien, die Rettung von Personen sowie Ma\u00dfnahmen bei Unwettersch\u00e4den.<br>Abschluss der Ausbildung am 7. M\u00e4rz 2026 war der Kompetenznachweis auf dem Gel\u00e4nde des THW in Hoya. Dabei mussten die Teilnehmer in drei \u00dcbungslagen ihr K\u00f6nnen unter Beweis stellen. Inhalte waren die Vertiefung der Grundkenntnisse, Einsatz\u00fcbungen in der Technischen Hilfeleistung und Brandbek\u00e4mpfung sowie H\u00f6henrettung (ERHT).<br>Die Abnahme erfolgte durch Kreisausbildungsleiter Alexander Greif sowie Sven Plate von der Kreisfeuerwehr. Alle Teilnehmer absolvierten den Kompetenznachweis mit Erfolg. Zu den ersten Gratulanten geh\u00f6rten neben den Pr\u00fcfern auch der stellvertretende Gemeindebrandmeister Sebastian Rehmstedt, mehrere Ortsbrandmeister sowie Samantha Lohrberg aus der Verwaltung. Sie gratulierten allen Absolventen zur bestandenen Pr\u00fcfung und w\u00fcnschten ihnen viel Erfolg f\u00fcr ihren weiteren Weg in der Feuerwehr. Damit ist die modulare Grundausbildung abgeschlossen. Die n\u00e4chste Ausbildungsstufe QS 3 wird an der Feuerwehrtechnischen Zentrale Nienburg durchgef\u00fchrt.<br>Ein besonderer Dank gilt allen beteiligten Ortswehren, Unterst\u00fctzern und dem Ausbildungsteam. Ohne diese breite Unterst\u00fctzung w\u00e4re die Durchf\u00fchrung des Lehrgangs nicht m\u00f6glich gewesen. Auch die Verwaltung der Samtgemeinde unterst\u00fctzte die Organisation unkompliziert.<br>Der Lehrgang zeigte einmal mehr, wie wichtig die enge Zusammenarbeit der Ortsfeuerwehren innerhalb der Samtgemeinde ist. Gleichzeitig unterstreicht die Ausbildung die Bedeutung engagierter ehrenamtlicher Feuerwehrmitglieder f\u00fcr die Sicherheit der Bev\u00f6lkerung.<\/p>\n\n\n\n<p>Text und Fotos: Dr. Andreas Kubier \/ F.-W. Brinkmann<\/p>\n\n\n\n<figure class=\"wp-block-image size-full\"><img loading=\"lazy\" decoding=\"async\" width=\"927\" height=\"445\" src=\"https:\/\/ff-sghoya.de\/wp-content\/uploads\/2026\/03\/6adb7c68-76c0-4c63-b3e9-ac258d3606a6.jpg\" alt=\"\" class=\"wp-image-7114\" srcset=\"https:\/\/ff-sghoya.de\/wp-content\/uploads\/2026\/03\/6adb7c68-76c0-4c63-b3e9-ac258d3606a6.jpg 927w, https:\/\/ff-sghoya.de\/wp-content\/uploads\/2026\/03\/6adb7c68-76c0-4c63-b3e9-ac258d3606a6-768x369.jpg 768w\" sizes=\"auto, (max-width: 927px) 100vw, 927px\" \/><figcaption class=\"wp-element-caption\">Lehrgangsteilnehmer mit Ausbildern und dem Abnahmeteam<\/figcaption><\/figure>\n\n\n\n<figure class=\"wp-block-image size-full\"><img loading=\"lazy\" decoding=\"async\" width=\"593\" height=\"445\" src=\"https:\/\/ff-sghoya.de\/wp-content\/uploads\/2026\/03\/5e5434eb-e26e-4c82-b8d6-784401924cf5.jpg\" alt=\"\" class=\"wp-image-7113\"\/><\/figure>\n\n\n\n<figure class=\"wp-block-image size-full\"><img loading=\"lazy\" decoding=\"async\" width=\"593\" height=\"445\" src=\"https:\/\/ff-sghoya.de\/wp-content\/uploads\/2026\/03\/5a1f5d1b-51d1-45ef-ba98-e217f3fdbaa8.jpg\" alt=\"\" class=\"wp-image-7112\"\/><\/figure>\n\n\n\n<figure class=\"wp-block-image size-full\"><img loading=\"lazy\" decoding=\"async\" width=\"593\" height=\"445\" src=\"https:\/\/ff-sghoya.de\/wp-content\/uploads\/2026\/03\/2fa15255-0578-440b-95cf-c691f62007f2.jpg\" alt=\"\" class=\"wp-image-7111\"\/><\/figure>\n\n\n\n<figure class=\"wp-block-image size-full\"><img loading=\"lazy\" decoding=\"async\" width=\"593\" height=\"445\" src=\"https:\/\/ff-sghoya.de\/wp-content\/uploads\/2026\/03\/7b4ddea2-cf5f-4482-b88d-8ff17872517a.jpg\" alt=\"\" class=\"wp-image-7110\"\/><figcaption class=\"wp-element-caption\">Bilder 2-5 TH Ausbildung im Ger\u00e4tehaus Eystrup<\/figcaption><\/figure>\n\n\n","protected":false},"excerpt":{"rendered":"<p>In der Samtgemeinde Grafschaft Hoya haben 31 Feuerwehrangeh\u00f6rige erfolgreich die Qualifikation QS 2 \u2013 Truppmitglied abgeschlossen. Der Lehrgang wurde in<\/p>\n","protected":false},"author":43,"featured_media":0,"comment_status":"closed","ping_status":"closed","sticky":false,"template":"","format":"standard","meta":{"colormag_page_container_layout":"default_layout","colormag_page_sidebar_layout":"default_layout","footnotes":""},"categories":[107,82],"tags":[],"class_list":["post-7109","post","type-post","status-publish","format-standard","hentry","category-ausbildung","category-samtgemeindefeuerwehr"],"_links":{"self":[{"href":"https:\/\/ff-sghoya.de\/index.php?rest_route=\/wp\/v2\/posts\/7109","targetHints":{"allow":["GET"]}}],"collection":[{"href":"https:\/\/ff-sghoya.de\/index.php?rest_route=\/wp\/v2\/posts"}],"about":[{"href":"https:\/\/ff-sghoya.de\/index.php?rest_route=\/wp\/v2\/types\/post"}],"author":[{"embeddable":true,"href":"https:\/\/ff-sghoya.de\/index.php?rest_route=\/wp\/v2\/users\/43"}],"replies":[{"embeddable":true,"href":"https:\/\/ff-sghoya.de\/index.php?rest_route=%2Fwp%2Fv2%2Fcomments&post=7109"}],"version-history":[{"count":3,"href":"https:\/\/ff-sghoya.de\/index.php?rest_route=\/wp\/v2\/posts\/7109\/revisions"}],"predecessor-version":[{"id":7118,"href":"https:\/\/ff-sghoya.de\/index.php?rest_route=\/wp\/v2\/posts\/7109\/revisions\/7118"}],"wp:attachment":[{"href":"https:\/\/ff-sghoya.de\/index.php?rest_route=%2Fwp%2Fv2%2Fmedia&parent=7109"}],"wp:term":[{"taxonomy":"category","embeddable":true,"href":"https:\/\/ff-sghoya.de\/index.php?rest_route=%2Fwp%2Fv2%2Fcategories&post=7109"},{"taxonomy":"post_tag","embeddable":true,"href":"https:\/\/ff-sghoya.de\/index.php?rest_route=%2Fwp%2Fv2%2Ftags&post=7109"}],"curies":[{"name":"wp","href":"https:\/\/api.w.org\/{rel}","templated":true}]}}