{"id":7034,"date":"2026-01-27T14:11:05","date_gmt":"2026-01-27T13:11:05","guid":{"rendered":"https:\/\/ff-sghoya.de\/?p=7034"},"modified":"2026-01-27T15:04:19","modified_gmt":"2026-01-27T14:04:19","slug":"jahreshauptversammlung-der-feuerwehr-heesen-2","status":"publish","type":"post","link":"https:\/\/ff-sghoya.de\/?p=7034","title":{"rendered":"Jahreshauptversammlung der Feuerwehr Heesen"},"content":{"rendered":"\n<p>K\u00fcrzlich begr\u00fc\u00dfte\u00a0 Ortsbrandmeister Sven Michaelis zahlreiche\u00a0 Mitglieder seiner Ortsfeuerwehr sowie weitere G\u00e4ste anl\u00e4sslich der diesj\u00e4hrigen\u00a0 Jahreshauptversammlung. Seinem Jahresbericht war zu entnehmen, dass die Ortswehr derzeit \u00fcber 32 aktive, 9 Ehren-sowie 35 f\u00f6rdernde Mitglieder verf\u00fcgt. 1530 Stunden wurden bei 4 Eins\u00e4tzen und diversen \u00dcbungsdiensten geleistet. 14 Aktive wurden mit der Hochwasserehrennadel des Landes Niedersachsen ausgezeichnet. W\u00e4hrend Helmut Westhoff und Hartmut Radscheid in die Altersabteilung verabschiedet wurden, konnte die Ortswehr 2 neue Mitglieder in der Einsatzabteilung begr\u00fc\u00dfen. Jan Schumacher, als stv. Gemeindebrandmeister, berichtete \u00fcber den Stand des Brandschutzbedarfsplans und Aktuelles aus der Gemeindefeuerwehr. Der stv. Brandschutzabschnittsleiter Ehler Lange informierte die Versammlung \u00fcber den Neubau der FTZ in Lemke und sonstige Neuigkeiten aus der Kreisfeuerwehr. Amtsleiter Thorsten Schiemann \u00fcberbrachte Gr\u00fc\u00dfe des B\u00fcrgermeisters und der Verwaltung und dankte den Aktiven f\u00fcr ihren ehrenamtlichen Einsatz. Aus den Bereichen Kinder- und Jugendfeuerwehren wurden die Anwesenden von Erik Meyer und Bettina Friedrichs \u00fcber Aktivit\u00e4ten des vergangenen Jahres und einer Vorrauschau auf das laufende Jahr in Kenntnis gesetzt. Zum Schluss der Versammlung wurden anstehende Termine f\u00fcr das laufende Jahr bekannt gegeben, darunter der 6. Juni, an dem der Samtgemeindefeuerwehrtag stattfinden soll, den in diesem Jahr die Feuerwehren Mehringen und Heesen, anl\u00e4sslich des 100- j\u00e4hrigen Bestehens, ausrichten werden. \u00a0\u00a0<\/p>\n\n\n\n<figure class=\"wp-block-image size-full\"><img loading=\"lazy\" decoding=\"async\" width=\"667\" height=\"571\" src=\"https:\/\/ff-sghoya.de\/wp-content\/uploads\/2026\/01\/de141937-84f8-42ae-8446-79d2e2bc4175.jpg\" alt=\"\" class=\"wp-image-7035\"\/><\/figure>\n\n\n","protected":false},"excerpt":{"rendered":"<p>K\u00fcrzlich begr\u00fc\u00dfte\u00a0 Ortsbrandmeister Sven Michaelis zahlreiche\u00a0 Mitglieder seiner Ortsfeuerwehr sowie weitere G\u00e4ste anl\u00e4sslich der diesj\u00e4hrigen\u00a0 Jahreshauptversammlung. Seinem Jahresbericht war zu<\/p>\n","protected":false},"author":43,"featured_media":0,"comment_status":"closed","ping_status":"closed","sticky":false,"template":"","format":"standard","meta":{"colormag_page_container_layout":"default_layout","colormag_page_sidebar_layout":"default_layout","footnotes":""},"categories":[43],"tags":[],"class_list":["post-7034","post","type-post","status-publish","format-standard","hentry","category-schierholzheesen"],"_links":{"self":[{"href":"https:\/\/ff-sghoya.de\/index.php?rest_route=\/wp\/v2\/posts\/7034","targetHints":{"allow":["GET"]}}],"collection":[{"href":"https:\/\/ff-sghoya.de\/index.php?rest_route=\/wp\/v2\/posts"}],"about":[{"href":"https:\/\/ff-sghoya.de\/index.php?rest_route=\/wp\/v2\/types\/post"}],"author":[{"embeddable":true,"href":"https:\/\/ff-sghoya.de\/index.php?rest_route=\/wp\/v2\/users\/43"}],"replies":[{"embeddable":true,"href":"https:\/\/ff-sghoya.de\/index.php?rest_route=%2Fwp%2Fv2%2Fcomments&post=7034"}],"version-history":[{"count":3,"href":"https:\/\/ff-sghoya.de\/index.php?rest_route=\/wp\/v2\/posts\/7034\/revisions"}],"predecessor-version":[{"id":7039,"href":"https:\/\/ff-sghoya.de\/index.php?rest_route=\/wp\/v2\/posts\/7034\/revisions\/7039"}],"wp:attachment":[{"href":"https:\/\/ff-sghoya.de\/index.php?rest_route=%2Fwp%2Fv2%2Fmedia&parent=7034"}],"wp:term":[{"taxonomy":"category","embeddable":true,"href":"https:\/\/ff-sghoya.de\/index.php?rest_route=%2Fwp%2Fv2%2Fcategories&post=7034"},{"taxonomy":"post_tag","embeddable":true,"href":"https:\/\/ff-sghoya.de\/index.php?rest_route=%2Fwp%2Fv2%2Ftags&post=7034"}],"curies":[{"name":"wp","href":"https:\/\/api.w.org\/{rel}","templated":true}]}}