{"id":6973,"date":"2025-12-15T22:59:17","date_gmt":"2025-12-15T21:59:17","guid":{"rendered":"https:\/\/ff-sghoya.de\/?p=6973"},"modified":"2025-12-15T22:59:17","modified_gmt":"2025-12-15T21:59:17","slug":"gebaeudebrand-in-wechold","status":"publish","type":"post","link":"https:\/\/ff-sghoya.de\/?p=6973","title":{"rendered":"Geb\u00e4udebrand in Wechold"},"content":{"rendered":"\n<p>Zahlreiche Feuerwehren im Einsatz. Am Montag Nachmittag gegen 15.15. Uhr wurde die Feuerwehr nach Wechold zu einem Geb\u00e4udebrand gerufen. Zun\u00e4chst waren die Wehren aus Wechold, Heesen, Wienbergen, die Einsatzleitung Ort ( ELO ) aus Eystrup und Hoya, und die Drehleiter aus Verden alarmiert. Beim Eintreffen der ersten Feuerwehrkr\u00e4fte am Einsatzort wurden die Feuerwehren aus Hoya, Magelsen und Eitzendorf nachalarmiert. Zur Brandbek\u00e4mpfung gingen zwei Trupps unter schweren Atemschutz von zwei Seiten in das Geb\u00e4ude vor. Von au\u00dfen wurde das Feuer mit drei C- Strahlrohren bek\u00e4mpft. Aus zwei in unmittelbarer N\u00e4he befindlichen Wasserentnahmestellen konnte hierf\u00fcr das Wasser entnommen werden. Durch den schnellen und umsichtigen Einsatz der Brandbek\u00e4mpfer konnte das Feuer schnell einged\u00e4mmt werden. Besonders schwierig gestaltete sich aber die Suche nach  Glutnestern in der Decke zum Obergeschoss. Um weitere Brandnester auszuschlie\u00dfen wurde mit Hilfe der Drehleiter aus Verden das Dach ge\u00f6ffnet. Der nicht vom Feuer betroffene Geb\u00e4udeteil wurde mit einem Hochleistungsl\u00fcfter Rauchfrei gemacht, und ist weiterhin bewohnbar. Bei Ausbruch des Feuers befanden sich keine Personen im Geb\u00e4ude. Im nicht unmittelbar betroffenen Geb\u00e4udeteil befand sich aber noch ein Hund, der aber in Sicherheit gebracht werden konnte. Von dem Brand war haupts\u00e4chlich eine Werkstatt und eine Garage betroffen. Gegen 16.30. Uhr konnten die ersten Brandsch\u00fctzer den Einsatzort wieder verlassen. Um die Wiederherstellung der Einsatzbereitschaft herzustellen, r\u00fcckte ein Logistikfahrzeug der FTZ Nienburg an, um das gebrauchte Schlauchmaterial und die Atemschutzger\u00e4te zu tauschen. Insgesamt waren 92 Einsatzkr\u00e4fte von Feuerwehr, Rettungsdienst und Polizei im Einsatz. Die Brandursache ist noch unklar, hierzu hat die Polizei die Ermittlungen aufgenommen. Der Einsatz dauerte bis 19.00. Uhr. <\/p>\n\n\n\n<figure class=\"wp-block-image size-full\"><img loading=\"lazy\" decoding=\"async\" width=\"2560\" height=\"1920\" src=\"https:\/\/ff-sghoya.de\/wp-content\/uploads\/2025\/12\/100_0327-scaled.jpg\" alt=\"\" class=\"wp-image-6974\" srcset=\"https:\/\/ff-sghoya.de\/wp-content\/uploads\/2025\/12\/100_0327-scaled.jpg 2560w, https:\/\/ff-sghoya.de\/wp-content\/uploads\/2025\/12\/100_0327-768x576.jpg 768w, https:\/\/ff-sghoya.de\/wp-content\/uploads\/2025\/12\/100_0327-1536x1152.jpg 1536w, https:\/\/ff-sghoya.de\/wp-content\/uploads\/2025\/12\/100_0327-2048x1536.jpg 2048w\" sizes=\"auto, (max-width: 2560px) 100vw, 2560px\" \/><\/figure>\n\n\n\n<figure class=\"wp-block-image size-full\"><img loading=\"lazy\" decoding=\"async\" width=\"2560\" height=\"1920\" src=\"https:\/\/ff-sghoya.de\/wp-content\/uploads\/2025\/12\/100_0322-scaled.jpg\" alt=\"\" class=\"wp-image-6975\" srcset=\"https:\/\/ff-sghoya.de\/wp-content\/uploads\/2025\/12\/100_0322-scaled.jpg 2560w, https:\/\/ff-sghoya.de\/wp-content\/uploads\/2025\/12\/100_0322-768x576.jpg 768w, https:\/\/ff-sghoya.de\/wp-content\/uploads\/2025\/12\/100_0322-1536x1152.jpg 1536w, https:\/\/ff-sghoya.de\/wp-content\/uploads\/2025\/12\/100_0322-2048x1536.jpg 2048w\" sizes=\"auto, (max-width: 2560px) 100vw, 2560px\" \/><\/figure>\n\n\n\n<figure class=\"wp-block-image size-full\"><img loading=\"lazy\" decoding=\"async\" width=\"2560\" height=\"1920\" src=\"https:\/\/ff-sghoya.de\/wp-content\/uploads\/2025\/12\/100_0331-scaled.jpg\" alt=\"\" class=\"wp-image-6976\" srcset=\"https:\/\/ff-sghoya.de\/wp-content\/uploads\/2025\/12\/100_0331-scaled.jpg 2560w, https:\/\/ff-sghoya.de\/wp-content\/uploads\/2025\/12\/100_0331-768x576.jpg 768w, https:\/\/ff-sghoya.de\/wp-content\/uploads\/2025\/12\/100_0331-1536x1152.jpg 1536w, https:\/\/ff-sghoya.de\/wp-content\/uploads\/2025\/12\/100_0331-2048x1536.jpg 2048w\" sizes=\"auto, (max-width: 2560px) 100vw, 2560px\" \/><\/figure>\n\n\n\n<figure class=\"wp-block-image size-full\"><img loading=\"lazy\" decoding=\"async\" width=\"2560\" height=\"1920\" src=\"https:\/\/ff-sghoya.de\/wp-content\/uploads\/2025\/12\/100_0323-scaled.jpg\" alt=\"\" class=\"wp-image-6977\" srcset=\"https:\/\/ff-sghoya.de\/wp-content\/uploads\/2025\/12\/100_0323-scaled.jpg 2560w, https:\/\/ff-sghoya.de\/wp-content\/uploads\/2025\/12\/100_0323-768x576.jpg 768w, https:\/\/ff-sghoya.de\/wp-content\/uploads\/2025\/12\/100_0323-1536x1152.jpg 1536w, https:\/\/ff-sghoya.de\/wp-content\/uploads\/2025\/12\/100_0323-2048x1536.jpg 2048w\" sizes=\"auto, (max-width: 2560px) 100vw, 2560px\" \/><\/figure>\n","protected":false},"excerpt":{"rendered":"<p>Zahlreiche Feuerwehren im Einsatz. Am Montag Nachmittag gegen 15.15. Uhr wurde die Feuerwehr nach Wechold zu einem Geb\u00e4udebrand gerufen. Zun\u00e4chst<\/p>\n","protected":false},"author":44,"featured_media":0,"comment_status":"closed","ping_status":"closed","sticky":false,"template":"","format":"standard","meta":{"colormag_page_container_layout":"default_layout","colormag_page_sidebar_layout":"default_layout","footnotes":""},"categories":[31,55,43,39,41,51,52],"tags":[],"class_list":["post-6973","post","type-post","status-publish","format-standard","hentry","category-einsaetze","category-eitzendorf","category-schierholzheesen","category-hoya","category-magelsen","category-wechold","category-wienbergen"],"_links":{"self":[{"href":"https:\/\/ff-sghoya.de\/index.php?rest_route=\/wp\/v2\/posts\/6973","targetHints":{"allow":["GET"]}}],"collection":[{"href":"https:\/\/ff-sghoya.de\/index.php?rest_route=\/wp\/v2\/posts"}],"about":[{"href":"https:\/\/ff-sghoya.de\/index.php?rest_route=\/wp\/v2\/types\/post"}],"author":[{"embeddable":true,"href":"https:\/\/ff-sghoya.de\/index.php?rest_route=\/wp\/v2\/users\/44"}],"replies":[{"embeddable":true,"href":"https:\/\/ff-sghoya.de\/index.php?rest_route=%2Fwp%2Fv2%2Fcomments&post=6973"}],"version-history":[{"count":2,"href":"https:\/\/ff-sghoya.de\/index.php?rest_route=\/wp\/v2\/posts\/6973\/revisions"}],"predecessor-version":[{"id":6979,"href":"https:\/\/ff-sghoya.de\/index.php?rest_route=\/wp\/v2\/posts\/6973\/revisions\/6979"}],"wp:attachment":[{"href":"https:\/\/ff-sghoya.de\/index.php?rest_route=%2Fwp%2Fv2%2Fmedia&parent=6973"}],"wp:term":[{"taxonomy":"category","embeddable":true,"href":"https:\/\/ff-sghoya.de\/index.php?rest_route=%2Fwp%2Fv2%2Fcategories&post=6973"},{"taxonomy":"post_tag","embeddable":true,"href":"https:\/\/ff-sghoya.de\/index.php?rest_route=%2Fwp%2Fv2%2Ftags&post=6973"}],"curies":[{"name":"wp","href":"https:\/\/api.w.org\/{rel}","templated":true}]}}