{"id":6871,"date":"2025-08-31T15:14:39","date_gmt":"2025-08-31T13:14:39","guid":{"rendered":"https:\/\/ff-sghoya.de\/?p=6871"},"modified":"2025-08-31T15:14:39","modified_gmt":"2025-08-31T13:14:39","slug":"wieder-feuer-in-hoya","status":"publish","type":"post","link":"https:\/\/ff-sghoya.de\/?p=6871","title":{"rendered":"Wieder Feuer in Hoya"},"content":{"rendered":"\n<p>Mit dem Einsatzstichwort Heckenbrand wurde die Feuerwehr Hoya am Samstagnachmittag ins Industriegebiet Hoya Nord gerufen. Dort war aus noch ungekl\u00e4rter Ursache auf einem Firmengel\u00e4nde eine Hecke in Brand geraten. Die Flammen griffen dann auf unmittelbar davor abgestellte LKW Anh\u00e4nger \u00fcber. Die Fahrzeuge konnten aber noch rechtzeitig abgel\u00f6scht und in Sicherheit gebracht werden. Weil das Feuer auch auf den Au\u00dfenbereich einer Halle \u00fcbergegriffen hatte, lies Hoyas Ortsbrandmeisterin Petra Guder weitere Feuerwehren nachalarmieren. Mehrere Trupps unter Atemschutz gelang es dann auch mit zwei C- Strahlrohren die Flammen zu l\u00f6schen. Im Einsatz waren neben der Polizei und Rettungsdienst 61 Feuerwehrkr\u00e4fte aus Hoya, Mehringen, Magelsen, Wienbergen und der ELO der Samtgemeinde Hoya. Der Einsatz der Ehrenamtlichen war gegen 17.00 Uhr beendet. <\/p>\n\n\n\n<figure class=\"wp-block-image size-full\"><img loading=\"lazy\" decoding=\"async\" width=\"2560\" height=\"1920\" src=\"https:\/\/ff-sghoya.de\/wp-content\/uploads\/2025\/08\/100_0293-scaled.jpg\" alt=\"\" class=\"wp-image-6872\" srcset=\"https:\/\/ff-sghoya.de\/wp-content\/uploads\/2025\/08\/100_0293-scaled.jpg 2560w, https:\/\/ff-sghoya.de\/wp-content\/uploads\/2025\/08\/100_0293-768x576.jpg 768w, https:\/\/ff-sghoya.de\/wp-content\/uploads\/2025\/08\/100_0293-1536x1152.jpg 1536w, https:\/\/ff-sghoya.de\/wp-content\/uploads\/2025\/08\/100_0293-2048x1536.jpg 2048w\" sizes=\"auto, (max-width: 2560px) 100vw, 2560px\" \/><\/figure>\n\n\n\n<figure class=\"wp-block-image size-full\"><img loading=\"lazy\" decoding=\"async\" width=\"2560\" height=\"1920\" src=\"https:\/\/ff-sghoya.de\/wp-content\/uploads\/2025\/08\/100_0297-scaled.jpg\" alt=\"\" class=\"wp-image-6873\" srcset=\"https:\/\/ff-sghoya.de\/wp-content\/uploads\/2025\/08\/100_0297-scaled.jpg 2560w, https:\/\/ff-sghoya.de\/wp-content\/uploads\/2025\/08\/100_0297-768x576.jpg 768w, https:\/\/ff-sghoya.de\/wp-content\/uploads\/2025\/08\/100_0297-1536x1152.jpg 1536w, https:\/\/ff-sghoya.de\/wp-content\/uploads\/2025\/08\/100_0297-2048x1536.jpg 2048w\" sizes=\"auto, (max-width: 2560px) 100vw, 2560px\" \/><\/figure>\n\n\n\n<p><\/p>\n","protected":false},"excerpt":{"rendered":"<p>Mit dem Einsatzstichwort Heckenbrand wurde die Feuerwehr Hoya am Samstagnachmittag ins Industriegebiet Hoya Nord gerufen. Dort war aus noch ungekl\u00e4rter<\/p>\n","protected":false},"author":44,"featured_media":0,"comment_status":"closed","ping_status":"closed","sticky":false,"template":"","format":"standard","meta":{"colormag_page_container_layout":"default_layout","colormag_page_sidebar_layout":"default_layout","footnotes":""},"categories":[31,41,42,72,70],"tags":[],"class_list":["post-6871","post","type-post","status-publish","format-standard","hentry","category-einsaetze","category-magelsen","category-mehringen","category-stuetzpunkt-hoya","category-stuetzpunkt-wienbergen"],"_links":{"self":[{"href":"https:\/\/ff-sghoya.de\/index.php?rest_route=\/wp\/v2\/posts\/6871","targetHints":{"allow":["GET"]}}],"collection":[{"href":"https:\/\/ff-sghoya.de\/index.php?rest_route=\/wp\/v2\/posts"}],"about":[{"href":"https:\/\/ff-sghoya.de\/index.php?rest_route=\/wp\/v2\/types\/post"}],"author":[{"embeddable":true,"href":"https:\/\/ff-sghoya.de\/index.php?rest_route=\/wp\/v2\/users\/44"}],"replies":[{"embeddable":true,"href":"https:\/\/ff-sghoya.de\/index.php?rest_route=%2Fwp%2Fv2%2Fcomments&post=6871"}],"version-history":[{"count":1,"href":"https:\/\/ff-sghoya.de\/index.php?rest_route=\/wp\/v2\/posts\/6871\/revisions"}],"predecessor-version":[{"id":6874,"href":"https:\/\/ff-sghoya.de\/index.php?rest_route=\/wp\/v2\/posts\/6871\/revisions\/6874"}],"wp:attachment":[{"href":"https:\/\/ff-sghoya.de\/index.php?rest_route=%2Fwp%2Fv2%2Fmedia&parent=6871"}],"wp:term":[{"taxonomy":"category","embeddable":true,"href":"https:\/\/ff-sghoya.de\/index.php?rest_route=%2Fwp%2Fv2%2Fcategories&post=6871"},{"taxonomy":"post_tag","embeddable":true,"href":"https:\/\/ff-sghoya.de\/index.php?rest_route=%2Fwp%2Fv2%2Ftags&post=6871"}],"curies":[{"name":"wp","href":"https:\/\/api.w.org\/{rel}","templated":true}]}}