{"id":6646,"date":"2025-03-18T19:49:00","date_gmt":"2025-03-18T18:49:00","guid":{"rendered":"https:\/\/ff-sghoya.de\/?p=6646"},"modified":"2025-03-18T19:49:02","modified_gmt":"2025-03-18T18:49:02","slug":"jahreshauptversammlung-der-feuerwehr-wechold-2","status":"publish","type":"post","link":"https:\/\/ff-sghoya.de\/?p=6646","title":{"rendered":"Jahreshauptversammlung der Feuerwehr Wechold"},"content":{"rendered":"\n<p>Zahlreiche G\u00e4ste konnte Ortsbrandmeister Carsten Laue bei der Generalversammlung der Feuerwehr Wechold am vergangenen Freitag im Heimathaus in Wechold begr\u00fc\u00dfen. Nach einem gemeinsamen Essen und der Totenehrung, standen die Ehrungen und Bef\u00f6rderungen Teil eins auf der Tagesordnung. Hier bef\u00f6rderte Carsten Laue Katrin Kor\u00f6de zur  Oberfeuerwehrfrau, und J\u00fcrgen Kor\u00f6de zum ersten Hauptfeuerwehrmann. Zum 31.12.2024 hatte die Wehr einen Mitgliederstand von 36 Aktiven Kameraden, davon 7 Frauen, 9 Kameraden geh\u00f6ren der Altersabteilung an, und 79 Mitglieder unterst\u00fctzen die Wehr als F\u00f6rdernde Mitglieder. Zahlreiche Aktivit\u00e4ten waren im abgelaufenen Jahr zu verzeichnen. So wurden die Jahreshauptversammlungen der Feuerwehren Wienbergen und Heesen besucht, und beim 50- j\u00e4hrigen Jubil\u00e4um der Jugendfeuerwehr Hilgermissen wurde mit einer Gruppe beim Kuppelcontest gestartet. Unterst\u00fctzt wurde auch der Fr\u00fchjahrsputz der Gemeinde Hilgermissen, und das Osterfeuer in Wechold. Am Helfergrillen f\u00fcr den Hochwassereinsatz wurde teilgenommen, die Kreisjugendfeuerwehrwettbewerbe in Hoya wurden unterst\u00fctzt, in Verden die Domweih besucht, und der Stellvertretende Ortsbrandmeister Arne Holste nahm in Eitzendorf zum Tag des Ehrenamtes teil, wohin die Gemeinde eingeladen hatte, ebenso wurde das Zeltlager der Jugendfeuerwehr in Uchte besucht. Bei den Diensten wurden die L\u00f6schwasserentnahmestellen \u00fcberpr\u00fcft und gewartet. F\u00fcr die  Wettk\u00e4mpfe in Eystrup und Martfeld wurde regelm\u00e4\u00dfig ge\u00fcbt. An einer Kreisbereitschafts\u00fcbung f\u00fcr F\u00fchrungskr\u00e4fte in Bleckede nahmen einige Kameraden teil. Eine AGT \u00dcbung an der Schleuse in D\u00f6rverden stand ebenso auf dem Programm, wie \u00dcbungen mir den Nachbarwehren und dem THW in Hoya. Die Wehr hatte im Jahr 2024 11 Eins\u00e4tze abzuarbeiten. Darunter waren 4 Brandeins\u00e4tze, ein Verkehrsunfall und Unterst\u00fctzung f\u00fcr den Rettungsdienst. Au\u00dferdem wurden auf Gemeinde- und  Kreisebene, sowie an der Landesfeuerwehrschule in Celle zahlreiche Lehrgangspl\u00e4tze belegt. Im folgenden berichteten Atemschutzger\u00e4tewart J\u00fcrgen R\u00f6chow, Funkwartin Steffi Blome, und Ger\u00e4tewart Jan Hecht aus ihren Bereichen. \u00dcber die Wettkampfgruppen berichtete Frank Beermann, und Nils Lange legte einen positiven Kassenbericht vor, so dass ihm und dem gesamten Kommando Entlastung erteilt wurde. Zum neuen Kassenpr\u00fcfer w\u00e4hlte die Versammlung f\u00fcr die Jahre 2025 und 2026 Mario Campe. Wahlen standen aber auch auf der Tagesordnung. Es wurden Gew\u00e4hlt, Atemschutzger\u00e4tewart J\u00fcrgen Kor\u00f6de, Funkwart Steffi Blome, Ger\u00e4tewart Jan Hecht, Stellvertretender Ger\u00e4tewart Jannes Mahlstedt, Kassenwart Nils Lange, Sicherheitsbeauftragter Jan Hecht, Schriftwartin D\u00f6rte Oestmann, Stellvertretender Atemschutzwart J\u00fcrgen R\u00f6chow. Der stellvertretende Brandabschnittsleiter Nord Ehler Lange ehrte im folgenden f\u00fcr langj\u00e4hrige Mitgliedschaft in der Feuerwehr. F\u00fcr 25 Jahre Carsten Laue, f\u00fcr 40 Jahre J\u00fcrgen R\u00f6chow, Dieter Harries, Frank Beermann, und Hans Hermann Rabe, f\u00fcr 50 Jahre Dieter Clausen. In seiner Rede ging Ehler Lange auf die geplanten Beschaffungen im Landkreis Nienburg f\u00fcr die Feuerwehren ein. Er sprach auch die zunehmenden Eins\u00e4tze f\u00fcr den Rettungsdienst an. Hier nimmt die Anzahl der T\u00fcr\u00f6ffnungen zu. Gemeindebrandmeister Carsten Meyer bedankte sich bei der Wecholder Wehr f\u00fcr die geleistete Arbeit, sprach noch einmal die kommende Digitale Alarmierung an, und bef\u00f6rderte im Anschluss den stellvertretenden Ortsbrandmeister Arne Holste zum Oberl\u00f6schmeister. Samantha Lohrberg \u00fcberbrachte Gr\u00fc\u00dfe aus dem Rathaus, und sprach in ihrem Bericht den geplanten Neubau f\u00fcr zwei Einstellpl\u00e4tze f\u00fcr die St\u00fctzpunktfeuerwehr Wienbergen an. Jugendfeuerwehrwart Erik Meyer bedankte sich f\u00fcr die Einladung und f\u00fcr die Bereitstellung der Ger\u00e4te. Er berichtete von den Aktivit\u00e4ten der Jugendfeuerwehr Hilgermissen, und das die Jugendfeuerwehr weiterhin auf der Suche nach Betreuern ist. Auch Hilgermissens B\u00fcrgermeister Johann Hustedt lobte die Aktivit\u00e4ten der Wecholder Wehr, und sprach die 40 Jahre von Hartmut K\u00f6ster als aktiver Atemschutzger\u00e4tetr\u00e4ger an. Die Betreuerin der Kinderfeuerwehr Nicole Sachau berichtete von der Kinderfeuerwehr Hilgermissen. Zum Abschluss gab Carsten Laue noch bekannt, das Ehler Campe nach 45 Jahre aktiven Dienst in die Altersabteilung gewechselt hat. <\/p>\n\n\n\n<p><\/p>\n\n\n\n<figure class=\"wp-block-image size-full\"><img loading=\"lazy\" decoding=\"async\" width=\"2560\" height=\"1920\" src=\"https:\/\/ff-sghoya.de\/wp-content\/uploads\/2025\/03\/100_0208-scaled.jpg\" alt=\"\" class=\"wp-image-6648\" srcset=\"https:\/\/ff-sghoya.de\/wp-content\/uploads\/2025\/03\/100_0208-scaled.jpg 2560w, https:\/\/ff-sghoya.de\/wp-content\/uploads\/2025\/03\/100_0208-768x576.jpg 768w, https:\/\/ff-sghoya.de\/wp-content\/uploads\/2025\/03\/100_0208-1536x1152.jpg 1536w, https:\/\/ff-sghoya.de\/wp-content\/uploads\/2025\/03\/100_0208-2048x1536.jpg 2048w\" sizes=\"auto, (max-width: 2560px) 100vw, 2560px\" \/><figcaption class=\"wp-element-caption\">Ortsbrandmeister Carsten Laue sitzend von links mit den G\u00e4sten, geehrten und bef\u00f6rderten<\/figcaption><\/figure>\n","protected":false},"excerpt":{"rendered":"<p>Zahlreiche G\u00e4ste konnte Ortsbrandmeister Carsten Laue bei der Generalversammlung der Feuerwehr Wechold am vergangenen Freitag im Heimathaus in Wechold begr\u00fc\u00dfen.<\/p>\n","protected":false},"author":44,"featured_media":0,"comment_status":"closed","ping_status":"closed","sticky":false,"template":"","format":"standard","meta":{"colormag_page_container_layout":"default_layout","colormag_page_sidebar_layout":"default_layout","footnotes":""},"categories":[30,51],"tags":[],"class_list":["post-6646","post","type-post","status-publish","format-standard","hentry","category-allgemein","category-wechold"],"_links":{"self":[{"href":"https:\/\/ff-sghoya.de\/index.php?rest_route=\/wp\/v2\/posts\/6646","targetHints":{"allow":["GET"]}}],"collection":[{"href":"https:\/\/ff-sghoya.de\/index.php?rest_route=\/wp\/v2\/posts"}],"about":[{"href":"https:\/\/ff-sghoya.de\/index.php?rest_route=\/wp\/v2\/types\/post"}],"author":[{"embeddable":true,"href":"https:\/\/ff-sghoya.de\/index.php?rest_route=\/wp\/v2\/users\/44"}],"replies":[{"embeddable":true,"href":"https:\/\/ff-sghoya.de\/index.php?rest_route=%2Fwp%2Fv2%2Fcomments&post=6646"}],"version-history":[{"count":2,"href":"https:\/\/ff-sghoya.de\/index.php?rest_route=\/wp\/v2\/posts\/6646\/revisions"}],"predecessor-version":[{"id":6649,"href":"https:\/\/ff-sghoya.de\/index.php?rest_route=\/wp\/v2\/posts\/6646\/revisions\/6649"}],"wp:attachment":[{"href":"https:\/\/ff-sghoya.de\/index.php?rest_route=%2Fwp%2Fv2%2Fmedia&parent=6646"}],"wp:term":[{"taxonomy":"category","embeddable":true,"href":"https:\/\/ff-sghoya.de\/index.php?rest_route=%2Fwp%2Fv2%2Fcategories&post=6646"},{"taxonomy":"post_tag","embeddable":true,"href":"https:\/\/ff-sghoya.de\/index.php?rest_route=%2Fwp%2Fv2%2Ftags&post=6646"}],"curies":[{"name":"wp","href":"https:\/\/api.w.org\/{rel}","templated":true}]}}