{"id":6525,"date":"2025-01-11T20:46:03","date_gmt":"2025-01-11T19:46:03","guid":{"rendered":"https:\/\/ff-sghoya.de\/?p=6525"},"modified":"2025-01-11T20:49:59","modified_gmt":"2025-01-11T19:49:59","slug":"jahreshauptversammlung-der-feuerwehr-hoya","status":"publish","type":"post","link":"https:\/\/ff-sghoya.de\/?p=6525","title":{"rendered":"Jahreshauptversammlung der Feuerwehr Hoya"},"content":{"rendered":"\n<p>Neben den Aktiven und den Mitgliedern der Altersabteilung konnte Ortsbrandmeisterin Petra Guder den Kreisbrandmeister Bernd Fischer, Gemeindebrandmeister Carsten Meyer, die Ortbrandmeister einiger Nachbarwehren, sowie Vertreter der Polizei, des THW, des ASB, des DRK und verschiedener \u00f6rtlicher Vereine anl\u00e4sslich der diesj\u00e4hrigen Jahreshauptversammlung willkommen hei\u00dfen. Nach der Feststellung der Beschlussf\u00e4higkeit und der Totenehrung folgte der Jahresbericht der Ortsbrandmeisterin. Sechsundf\u00fcnfzig Mitglieder versehen in der Einsatzabteilung ihren Dienst, sechzehn Kameraden bilden die Altersabteilung und 209 B\u00fcrger unterst\u00fctzen die Hoyaer Feuerwehr f\u00f6rdernd. Siebenundf\u00fcnfzig Eins\u00e4tze waren im abgelaufenen Jahr abzuarbeiten, wobei die achtunddrei\u00dfig Hilfeleistungen den L\u00f6wenanteil ausmachten. Zw\u00f6lf Brandeins\u00e4tze und sieben Fehl- bzw. blinde Alarme besch\u00e4ftigten die Brandsch\u00fctzer ebenfalls. In einem weiteren Teil ihres Berichtes lie\u00df Petra Guder die Ereignisse aus 2024 in einer Videoshow Revue passieren. Ger\u00e4tewart Tobias Grimmelmann gab bekannt, dass mit den vier Fahrzeugen im vergangenen Jahr mehr als 8000 Kilometer unfallfrei zur\u00fcckgelegt wurden. Ein weiteres Zahlenwerk pr\u00e4sentierte dann die Ortsbrandmeisterin, so wurden in 2025 achtunddrei\u00dfig\u00a0 Lehrgangspl\u00e4tze belegt und insgesamt 9768 ehrenamtliche Stunden abgeleistet. Dabei entfielen 987 Stunden auf \u00a0Eins\u00e4tze, 4478 Stunden auf Dienste und\u00a0 Lehrg\u00e4nge sowie 4303 Stunden auf administrative Aufgaben. Die beste Dienstbeteiligung erreichte Samantha Lohrberg mit 31 Diensten vor Tim Kuhlmann mit 21 und Guntram Borgmann mit 19 Diensten. Im weiteren Verlauf berichteten Ralph St\u00f6hr aus dem Bereich der Jugendfeuerwehr und Nadine Altenau aus dem Bereich der Kinderfeuerwehr. Es folgten dann die Ernennungen, so wurden Nils Trumpke und Oliver Endres zum Gruppenf\u00fchrer sowie Carsten R\u00f6pe und Detlef Kuhlmann zu stellvertretenden Gruppenf\u00fchrern ernannt. Florian Endres ist nun Atemschutzger\u00e4tewart, Sprechfunkbeauftragter wurde Carsten R\u00f6pe, Thomas Guder ist Schriftf\u00fchrer und Ralph St\u00f6hr Jugendfeuerwehrwart. Alle Kameraden wurden wiedergew\u00e4hlt. Neue stellvertretende\u00a0 Kinderfeuerwehrwartin ist nun Nadine M\u00fcller. Aus den Reihen der Gruppenf\u00fchrer wurde Oliver Endres zum Zugf\u00fchrer ernannt. Petra Guder bef\u00f6rderte Henning Grie\u00df zum Oberfeuerwehrmann und Florian Endres ist jetzt L\u00f6schmeister. Der Ger\u00e4tewart Tobias Grimmelmann tr\u00e4gt nun die Schulterst\u00fccke des Oberl\u00f6schmeisters. F\u00fcr sechzig Jahre Mitgliedschaft wurde Friedrich Volkmann vom Kreisbrandmeister Bernd Fischer mit dem Ehrenzeichen des Landesfeuerwehrverbandes ausgezeichnet. Nach Erreichen der Altersgrenze wurden Dietfried R\u00f6pe und Wilfried G\u00fctz in die Altersabteilung verabschiedet. Verabschiedet als stellvertretende Kinderfeuerwehrwartin wurde Sarah Kramer, sie steht jedoch als Betreuerin weiterhin zur Verf\u00fcgung. Kreisbrandmeister Bernd Fischer berichtete von 1350 Eins\u00e4tzen des vergangenen Jahres im Kreisgebiet, wobei die Anzahl der Alarmierungen f\u00fcr T\u00fcr\u00f6ffnungen, Tragehilfen und\u00a0 die Ausl\u00f6sung durch automatische Brandmeldeanlagen ein Niveau erreicht h\u00e4tten, das so nicht mehr zu akzeptieren w\u00e4re. Gemeindebrandmeister Carsten Meyer dankte f\u00fcr die geleistete Arbeit der 640 Brandsch\u00fctzer der Samtgemeinde, die nicht nur bei den\u00a0 185 Eins\u00e4tzen sondern auch bei allen anderen T\u00e4tigkeiten erbracht wurden. Auch Amtsleiter Thorsten Schiemann dankte den Einsatzkr\u00e4ften,\u00a0 sicherte ihnen weiterhin tatkr\u00e4ftige Unterst\u00fctzung im Rahmen der finanziellen M\u00f6glichkeiten zu und reflektierte noch einmal das Jahresmotto der nieders\u00e4chsischen Feuerwehren \u201eWichtiger denn je, Deine Feuerwehr.\u201c Weitere Gru\u00dfworte \u00fcberbrachte Vertreter der Nachbarwehren, der Stadt Hoya, des ASB, des DRK und des THW. Oliver Endres wies darauf hin, dass in K\u00fcrze der Einsatzstellenfunk auf Digital umgestellt \u00a0werde und gab bekannt, dass in diesem Jahr eine Ganztages\u00fcbung mit den Ortswehren Hoyerhagen, Mehringen und dem ASB in Celle-Scheuen geplant sei. Dankesworte richtete Petra Guder abschlie\u00dfend an ihre Aktiven, besonders an ihr Kommando und an Alle, die im abgelaufenen Jahr die Feuerwehr Hoya unterst\u00fctzt bzw. mit ihr zusammengearbeitet haben. Last but not least bekam auch Petra Guder ein \u201eRiesen Dankesch\u00f6n\u201c von ihrem Stellvertreter Mario Kramer f\u00fcr ihr unerm\u00fcdliches Engagement.<\/p>\n\n\n\n<figure class=\"wp-block-image size-full\"><img loading=\"lazy\" decoding=\"async\" width=\"632\" height=\"474\" src=\"https:\/\/ff-sghoya.de\/wp-content\/uploads\/2025\/01\/c1929f3b-6907-4f0b-9ea1-c9d7308d1205-1.jpg\" alt=\"\" class=\"wp-image-6529\"\/><figcaption class=\"wp-element-caption\">Ortsbrandmeisterin Petra Guder, Stellvertreter Mario Kramer, Kreisbrandmeister Bernd Fischer, Gemeindebrandmeister Carsten Meyer und Amtsleiter Thorsten Schiemann mit den Geehrten, Bef\u00f6rderten und Ernannten<\/figcaption><\/figure>\n\n\n\n<figure class=\"wp-block-image size-full\"><img loading=\"lazy\" decoding=\"async\" width=\"356\" height=\"474\" src=\"https:\/\/ff-sghoya.de\/wp-content\/uploads\/2025\/01\/48854771-823f-41dd-9366-132c0e3dee8c-2.jpg\" alt=\"\" class=\"wp-image-6530\"\/><figcaption class=\"wp-element-caption\">Kreisbrandmeister Bernd Fischer ehrt Friedrich Volkmann  mit dem Ehrenzeichen des Landesfeuerwehrverbandes<\/figcaption><\/figure>\n\n\n","protected":false},"excerpt":{"rendered":"<p>Neben den Aktiven und den Mitgliedern der Altersabteilung konnte Ortsbrandmeisterin Petra Guder den Kreisbrandmeister Bernd Fischer, Gemeindebrandmeister Carsten Meyer, die<\/p>\n","protected":false},"author":43,"featured_media":0,"comment_status":"closed","ping_status":"closed","sticky":false,"template":"","format":"standard","meta":{"colormag_page_container_layout":"default_layout","colormag_page_sidebar_layout":"default_layout","footnotes":""},"categories":[72],"tags":[],"class_list":["post-6525","post","type-post","status-publish","format-standard","hentry","category-stuetzpunkt-hoya"],"_links":{"self":[{"href":"https:\/\/ff-sghoya.de\/index.php?rest_route=\/wp\/v2\/posts\/6525","targetHints":{"allow":["GET"]}}],"collection":[{"href":"https:\/\/ff-sghoya.de\/index.php?rest_route=\/wp\/v2\/posts"}],"about":[{"href":"https:\/\/ff-sghoya.de\/index.php?rest_route=\/wp\/v2\/types\/post"}],"author":[{"embeddable":true,"href":"https:\/\/ff-sghoya.de\/index.php?rest_route=\/wp\/v2\/users\/43"}],"replies":[{"embeddable":true,"href":"https:\/\/ff-sghoya.de\/index.php?rest_route=%2Fwp%2Fv2%2Fcomments&post=6525"}],"version-history":[{"count":1,"href":"https:\/\/ff-sghoya.de\/index.php?rest_route=\/wp\/v2\/posts\/6525\/revisions"}],"predecessor-version":[{"id":6531,"href":"https:\/\/ff-sghoya.de\/index.php?rest_route=\/wp\/v2\/posts\/6525\/revisions\/6531"}],"wp:attachment":[{"href":"https:\/\/ff-sghoya.de\/index.php?rest_route=%2Fwp%2Fv2%2Fmedia&parent=6525"}],"wp:term":[{"taxonomy":"category","embeddable":true,"href":"https:\/\/ff-sghoya.de\/index.php?rest_route=%2Fwp%2Fv2%2Fcategories&post=6525"},{"taxonomy":"post_tag","embeddable":true,"href":"https:\/\/ff-sghoya.de\/index.php?rest_route=%2Fwp%2Fv2%2Ftags&post=6525"}],"curies":[{"name":"wp","href":"https:\/\/api.w.org\/{rel}","templated":true}]}}