{"id":6447,"date":"2024-11-24T12:10:41","date_gmt":"2024-11-24T11:10:41","guid":{"rendered":"https:\/\/ff-sghoya.de\/?p=6447"},"modified":"2024-11-24T12:10:42","modified_gmt":"2024-11-24T11:10:42","slug":"jahreshauptversammlung-der-feuerwehr-magelsen","status":"publish","type":"post","link":"https:\/\/ff-sghoya.de\/?p=6447","title":{"rendered":"Jahreshauptversammlung der Feuerwehr Magelsen"},"content":{"rendered":"\n<p>In der alten Schule in Magelsen trafen sich am Freitag Abend die Mitglieder der Freiwilligen Feuerwehr Magelsen. Um 20.00 Uhr Er\u00f6ffnete Ortsbrandmeister Martin Stelter die Versammlung, und hie\u00df alle Mitglieder und G\u00e4ste herzlich willkommen. Zu der Wehr geh\u00f6ren aktuell 31 aktive Kameraden, 12 Kameraden in der Altersabteilung, 38 f\u00f6rdernde Mitglieder, sowie ein Mitglied in der Jugendfeuerwehr Hilgermissen. Da keine \u00c4nderungen der Tagesordnung vorgebracht wurden, unterbrach der Ortbrandmeister die Versammlung f\u00fcr ein gemeinsames Essen. Das Protokoll der letzten Jahreshauptversammlung wurde vorgetragen und einstimmig genehmigt. In seinem Jahresr\u00fcckblick berichtete Ortsbrandmeister Martin Stelter \u00fcber drei Brandeins\u00e4tze, elf Hilfeleistungseins\u00e4tze, drei Fehlalarmierungen, zwei Funk\u00fcbungen, und drei Einsatz\u00fcbungen. An einer F\u00fchrungskr\u00e4fteausbildung der KFB Nienburg Nord in Bleckede nahm die Wehr ebenfalls teil. Der Ausbildungsdienst wurde zwei mal im Monat mit den Kameraden aus Hilgermissen und Wienbergen durchgef\u00fchrt. Die Hydranten und Bohrbrunnen wurden \u00fcberpr\u00fcft, und die Atemschutzger\u00e4tetr\u00e4ger nahmen an den Terminen in der \u00dcbungsstrecke der FTZ in Nienburg teil. Die Ortswehr nahm im abgelaufenen Jahr an zahlreichen Aktivit\u00e4ten teil. Beim Samtgemeindefeuerwehrtag in Eystrup belegte die Magelser Gruppe den 5. Platz. Der Kassenbericht wurde von Rainer Harnacke vorgetragen. Nach seinem Bericht zur Kassenpr\u00fcfung beantragte Kassenpr\u00fcfer Peter Dening die Entlastung des Kassenwartes. Neben den Jahresberichten standen aber auch Wahlen, Ehrungen und Bef\u00f6rderungen auf der Tagesordnung. Neuer Kassenwart ist jetzt Matthias Stelter, neuer Kassenpr\u00fcfer f\u00fcr zwei Jahre wird Johann B\u00f6hmann. Die Versammlung w\u00e4hlte Tobias Bening zum neuen Ger\u00e4tewart, sein Stellvertreter ist jetzt Mattes Dening. Das Amt des Sicherheitsbeauftragten \u00fcbt jetzt Martin Spekowius aus. Dietrich Koldehofe wurde f\u00fcr 50.Jahre in der Feuerwehr geehrt. Chris de Berg, Peer Einenkel und Sven L\u00e4ssig wurden zu Oberfeuerwehrm\u00e4nnern ernannt, und  Tobias Bening wurde von Ortsbrandmeister Martin Stelter zum Haupfeuerwehrmann bef\u00f6rdert. Bei den Gru\u00dfworten der G\u00e4ste berichtete Gemeindebrandmeister Carsten Meyer von bis heute 161 Eins\u00e4tzen, und sprach die Neubeschaffung von Fahrzeugen in der Samtgemeinde Hoya an. B\u00fcrgermeister Johann Hustedt bedauerte in seiner Rede unter anderem die Aufl\u00f6sung der Ortsfeuerwehr Hilgermissen. Samantha Lohrberg \u00fcberbrachte Gr\u00fc\u00dfe von der Samtgemeinde, und Bedankte sich bei der Magelser Wehr f\u00fcr die geleistete Arbeit beim Hochwassereinsatz. Jugendfeuerwehrwart Erik Meyer und der Betreuer der Kinderfeuerwehr Sven L\u00e4ssig berichteten von den Aktivit\u00e4ten der Jugend und Kinderfeuerwehr, und bedankten sich f\u00fcr die Unterst\u00fctzung. Gegen 21.50. Uhr wurde die Versammlung von Ortsbrandmeister Martin Stelter geschlossen.<\/p>\n\n\n\n<p><\/p>\n\n\n\n<figure class=\"wp-block-image size-full\"><img loading=\"lazy\" decoding=\"async\" width=\"2560\" height=\"1920\" src=\"https:\/\/ff-sghoya.de\/wp-content\/uploads\/2024\/11\/100_0168-scaled.jpg\" alt=\"\" class=\"wp-image-6449\" srcset=\"https:\/\/ff-sghoya.de\/wp-content\/uploads\/2024\/11\/100_0168-scaled.jpg 2560w, https:\/\/ff-sghoya.de\/wp-content\/uploads\/2024\/11\/100_0168-768x576.jpg 768w, https:\/\/ff-sghoya.de\/wp-content\/uploads\/2024\/11\/100_0168-1536x1152.jpg 1536w, https:\/\/ff-sghoya.de\/wp-content\/uploads\/2024\/11\/100_0168-2048x1536.jpg 2048w\" sizes=\"auto, (max-width: 2560px) 100vw, 2560px\" \/><figcaption class=\"wp-element-caption\">Ortsbrandmeister Martin Stelter \/ re. mit den G\u00e4sten, Geehrten und Bef\u00f6rterten<\/figcaption><\/figure>\n","protected":false},"excerpt":{"rendered":"<p>In der alten Schule in Magelsen trafen sich am Freitag Abend die Mitglieder der Freiwilligen Feuerwehr Magelsen. Um 20.00 Uhr<\/p>\n","protected":false},"author":44,"featured_media":0,"comment_status":"closed","ping_status":"closed","sticky":false,"template":"","format":"standard","meta":{"colormag_page_container_layout":"default_layout","colormag_page_sidebar_layout":"default_layout","footnotes":""},"categories":[30,41],"tags":[],"class_list":["post-6447","post","type-post","status-publish","format-standard","hentry","category-allgemein","category-magelsen"],"_links":{"self":[{"href":"https:\/\/ff-sghoya.de\/index.php?rest_route=\/wp\/v2\/posts\/6447","targetHints":{"allow":["GET"]}}],"collection":[{"href":"https:\/\/ff-sghoya.de\/index.php?rest_route=\/wp\/v2\/posts"}],"about":[{"href":"https:\/\/ff-sghoya.de\/index.php?rest_route=\/wp\/v2\/types\/post"}],"author":[{"embeddable":true,"href":"https:\/\/ff-sghoya.de\/index.php?rest_route=\/wp\/v2\/users\/44"}],"replies":[{"embeddable":true,"href":"https:\/\/ff-sghoya.de\/index.php?rest_route=%2Fwp%2Fv2%2Fcomments&post=6447"}],"version-history":[{"count":3,"href":"https:\/\/ff-sghoya.de\/index.php?rest_route=\/wp\/v2\/posts\/6447\/revisions"}],"predecessor-version":[{"id":6451,"href":"https:\/\/ff-sghoya.de\/index.php?rest_route=\/wp\/v2\/posts\/6447\/revisions\/6451"}],"wp:attachment":[{"href":"https:\/\/ff-sghoya.de\/index.php?rest_route=%2Fwp%2Fv2%2Fmedia&parent=6447"}],"wp:term":[{"taxonomy":"category","embeddable":true,"href":"https:\/\/ff-sghoya.de\/index.php?rest_route=%2Fwp%2Fv2%2Fcategories&post=6447"},{"taxonomy":"post_tag","embeddable":true,"href":"https:\/\/ff-sghoya.de\/index.php?rest_route=%2Fwp%2Fv2%2Ftags&post=6447"}],"curies":[{"name":"wp","href":"https:\/\/api.w.org\/{rel}","templated":true}]}}