{"id":6109,"date":"2024-05-26T09:20:42","date_gmt":"2024-05-26T07:20:42","guid":{"rendered":"https:\/\/ff-sghoya.de\/?p=6109"},"modified":"2024-10-21T21:25:47","modified_gmt":"2024-10-21T19:25:47","slug":"jahreshauptversammlung-der-feuerwehr-buecken","status":"publish","type":"post","link":"https:\/\/ff-sghoya.de\/?p=6109","title":{"rendered":"Jahreshauptversammlung der Feuerwehr B\u00fccken"},"content":{"rendered":"\n<p>Zu ihrer 147 Jahreshauptversammlung trafen sich jetzt die Mitglieder der Freiwilligen Feuerwehr B\u00fccken, und der L\u00f6schgruppe Duddenhausen erstmalig im Schie\u00dfstand des Sch\u00fctzencorps B\u00fccken. Nach der Er\u00f6ffnung von Ortsbrandmeister Jan Schumacher fand ein gemeinsames Essen statt. Nach dem Essen wurden der stellv. Brandabschnittsleiter Nord Ehler Lange, Gemeindebrandmeister Carsten Meyer, der B\u00fcrgermeister des Flecken B\u00fccken, Wilhelm Schr\u00f6der, Ordnungsamtsleiter Thorsten Schiemann, die Aktiven Mitglieder, die Altersgruppe, sowie die Vertreter der benachbarten Ortswehren, Organisationen und Vereine, und die Kameraden der Ortsfeuerwehr Hannover Linden besonders begr\u00fc\u00dft. Unter Punkt 2 der Tagesordnung erhoben sich die Teilnehmer der Versammlung zum Gedenken an verstorbene Mitglieder. Die Protokolle der Jahreshauptversammlung vom 30.05.2023 und der Dienstversammlung vom 09.12.2023 wurden von den stimmberechtigten Mitgliedern ohne Gegenstimme genehmigt. In der gemeinsamen Berichterstattung von Jan Schumacher und seinem Stellvertreter Marc Kottner gingen sie unter anderem auf die Eins\u00e4tze ein. Seit Pfingsten 2023 wurden 53 Eins\u00e4tze abgearbeitet. Diese teilen sich wie folgt auf, Brandeins\u00e4tze 8, Hilfeleistungseins\u00e4tze 41, und Fehlalarmierungen 4. F\u00fcr diese Eins\u00e4tze wurden von den Kameraden Rund 2500 Stunden geleistet. Die meisten Einsatzstunden wurden f\u00fcr die Hochwassereins\u00e4tze zum Jahreswechsel geleistet. Weiter berichtete Marc Kottner von 16700 Stunden f\u00fcr Ausbildung, \u00dcbungen, Schulungen, und Wettbewerben. Insgesamt nahm die Wehr an 67 Lehrg\u00e4ngen oder Seminaren teil. Die Fahrzeuge der Feuerwehr B\u00fccken sind in die Jahre gekommen. So ist das LF 8  mit 35 Jahren eines der \u00e4ltesten L\u00f6schgruppenfahrzeuge im Landkreis Nienburg. Eine Neubeschaffung ist erstmal verschoben. In einem schlechten Zustand befinden sich die Feuerwehrh\u00e4user in B\u00fccken und Duddenhausen. Die M\u00e4ngel in beiden H\u00e4usern sind beim Betreiber ( Samtgemeinde ) bekannt. Jan Schumacher mahnte die Aktiven Kameraden unter anderem bei Eins\u00e4tzen beim Aus und Einfahren in die Fahrzeughalle Vorsicht walten zu lassen. Die B\u00fccker Wehr ist aber nicht nur bei Eins\u00e4tzen gefordert, sondern unterst\u00fctzt das Kulturesse Leben und den Zusammenhalt im Flecken B\u00fccken. Aktuell verf\u00fcgt die Ortswehr an zwei Standorten \u00fcber 296 Mitglieder. Davon sind 74 Aktive, 10 Passive, 36 in der Altersabteilung, 138 F\u00f6rdernde Mitglieder, und ein Ehrenmitglied. Die Jugendfeuerwehr hat Aktuell 15, und die Kinderfeuerwehr 22 Mitglieder. F\u00fcr den Bericht des Vorsitzenden des F\u00f6rdervereins Wilhelm Schumacher wurde die Versammlung kurz unterbrochen. Roland Klein gab einen ausf\u00fchrlichen Bericht der Kassenlage ab. Zu neuen Kassenpr\u00fcfern wurden Ulrich Gr\u00fcndel und Christian Thies von der Versammlung gew\u00e4hlt. Auf der Tagesordnung standen aber auch Ehrungen und Bef\u00f6rderungen. Jan Schumacher bef\u00f6rderte Ulrich Gr\u00fcndel zum Feuerwehrmann, Fabian von Detten zum Oberfeuerwehrmann, und Tim Otto zum ersten Hauptfeuerwehrmann. Gemeindebrandmeister Carsten Meyer ernannte Markus-Fritz Kn\u00fcppel, Kris Stuve, und Johann Ulrich Wigger zu L\u00f6schmeistern. Kreisjugendfeuerwehrwart Mario Hotze ehrte die Gr\u00fcndungsmitglieder der Kinderfeuerwehr Kerstin Paul, Marcus Fritz Kn\u00fcppel, und Peter Ottermann mit einer Urkunde. F\u00fcr 50 j\u00e4hrige Mitgliedschaft in der Feuerwehr wurde Wilhelm Schr\u00f6der mit dem Nieders\u00e4chsischem Ehrenzeichen der Feuerwehren von Ehler Lange ausgezeichnet. Kinderfeuerwehrwartin Sabrina Nullmeyer, und der Stellvertretende Jugendfeuerwehrwart Tim Otto berichteten von den Aktivit\u00e4ten der Jugend und Kinderfeuerwehr. Gemeindebrandmeister Carsten Meyer bedankte sich f\u00fcr die Einladung, und ging noch einmal auf die belange der Samtgemeinde Feuerwehr ein. Der Brandabschnittsleiter Nord Ehler Lange \u00fcberbrachte Gr\u00fc\u00dfe von der Kreisfeuerwehr, bedankte sich f\u00fcr die geleistete Arbeit, und w\u00fcnschte der Feuerwehr alles gute. Auch Ordnungsamtsleiter Thorsten Schiemann \u00fcberbrachte Gr\u00fc\u00dfe von Samtgemeinde B\u00fcrgermeister Detlef Meyer, und sprach noch einmal die angespannte Haushaltslage an, und bedankte sich ebenfalls f\u00fcr die geleistete Arbeit der Feuerwehr. Ortsbrandmeister Alexander Bastian \u00fcberbrachte Gr\u00fc\u00dfe der Feuerwehr Hannover Linden.  Sebastian Schmidt von der ASB &#8211; Rettungswache in Hoya sprach in  seiner Dankesrede die Personalknappheit bei den Rettungssanit\u00e4tern an. Mit diversen Terminank\u00fcndigungen beendete Ortsbrandmeister Jan Schumacher seine Ausf\u00fchrungen. Marc Kottner schloss die Versammlung mit einem Dank an die Aktiven Mitglieder, den Gruppenf\u00fchrern, dem Zugf\u00fchrer, und dem Ortsbrandmeister.<\/p>\n\n\n\n<figure class=\"wp-block-image size-full\"><img loading=\"lazy\" decoding=\"async\" width=\"2560\" height=\"1920\" src=\"https:\/\/ff-sghoya.de\/wp-content\/uploads\/2024\/05\/vl.Jan-SchumacherCarsten-MeyerWilhelm-SchroederKerstin-PaulPeter-OttermannUlrich-GruendelMarkus-FritzMarc-KottnerEhler-Lange-vorne-vl.-Tim-Otto-Fabian-Van-DettenJohann-Ulrich-WiggerKris-Stuve-scaled.jpg\" alt=\"\" class=\"wp-image-6114\" srcset=\"https:\/\/ff-sghoya.de\/wp-content\/uploads\/2024\/05\/vl.Jan-SchumacherCarsten-MeyerWilhelm-SchroederKerstin-PaulPeter-OttermannUlrich-GruendelMarkus-FritzMarc-KottnerEhler-Lange-vorne-vl.-Tim-Otto-Fabian-Van-DettenJohann-Ulrich-WiggerKris-Stuve-scaled.jpg 2560w, https:\/\/ff-sghoya.de\/wp-content\/uploads\/2024\/05\/vl.Jan-SchumacherCarsten-MeyerWilhelm-SchroederKerstin-PaulPeter-OttermannUlrich-GruendelMarkus-FritzMarc-KottnerEhler-Lange-vorne-vl.-Tim-Otto-Fabian-Van-DettenJohann-Ulrich-WiggerKris-Stuve-768x576.jpg 768w, https:\/\/ff-sghoya.de\/wp-content\/uploads\/2024\/05\/vl.Jan-SchumacherCarsten-MeyerWilhelm-SchroederKerstin-PaulPeter-OttermannUlrich-GruendelMarkus-FritzMarc-KottnerEhler-Lange-vorne-vl.-Tim-Otto-Fabian-Van-DettenJohann-Ulrich-WiggerKris-Stuve-1536x1152.jpg 1536w, https:\/\/ff-sghoya.de\/wp-content\/uploads\/2024\/05\/vl.Jan-SchumacherCarsten-MeyerWilhelm-SchroederKerstin-PaulPeter-OttermannUlrich-GruendelMarkus-FritzMarc-KottnerEhler-Lange-vorne-vl.-Tim-Otto-Fabian-Van-DettenJohann-Ulrich-WiggerKris-Stuve-2048x1536.jpg 2048w\" sizes=\"auto, (max-width: 2560px) 100vw, 2560px\" \/><figcaption class=\"wp-element-caption\">vl.Jan Schumacher,Carsten Meyer,Wilhelm Schr\u00f6der,Kerstin Paul,Peter Ottermann,Ulrich Gr\u00fcndel,Marcus-Fritz,Marc Kottner,Ehler Lange, Vorne vl.Tim Otto,Fabian Van Detten,Johann Ulrich Wigger,Kris Stuve<\/figcaption><\/figure>\n","protected":false},"excerpt":{"rendered":"<p>Zu ihrer 147 Jahreshauptversammlung trafen sich jetzt die Mitglieder der Freiwilligen Feuerwehr B\u00fccken, und der L\u00f6schgruppe Duddenhausen erstmalig im Schie\u00dfstand<\/p>\n","protected":false},"author":44,"featured_media":0,"comment_status":"closed","ping_status":"closed","sticky":false,"template":"","format":"standard","meta":{"colormag_page_container_layout":"default_layout","colormag_page_sidebar_layout":"default_layout","footnotes":""},"categories":[30,95],"tags":[],"class_list":["post-6109","post","type-post","status-publish","format-standard","hentry","category-allgemein","category-bueckennews"],"_links":{"self":[{"href":"https:\/\/ff-sghoya.de\/index.php?rest_route=\/wp\/v2\/posts\/6109","targetHints":{"allow":["GET"]}}],"collection":[{"href":"https:\/\/ff-sghoya.de\/index.php?rest_route=\/wp\/v2\/posts"}],"about":[{"href":"https:\/\/ff-sghoya.de\/index.php?rest_route=\/wp\/v2\/types\/post"}],"author":[{"embeddable":true,"href":"https:\/\/ff-sghoya.de\/index.php?rest_route=\/wp\/v2\/users\/44"}],"replies":[{"embeddable":true,"href":"https:\/\/ff-sghoya.de\/index.php?rest_route=%2Fwp%2Fv2%2Fcomments&post=6109"}],"version-history":[{"count":2,"href":"https:\/\/ff-sghoya.de\/index.php?rest_route=\/wp\/v2\/posts\/6109\/revisions"}],"predecessor-version":[{"id":6115,"href":"https:\/\/ff-sghoya.de\/index.php?rest_route=\/wp\/v2\/posts\/6109\/revisions\/6115"}],"wp:attachment":[{"href":"https:\/\/ff-sghoya.de\/index.php?rest_route=%2Fwp%2Fv2%2Fmedia&parent=6109"}],"wp:term":[{"taxonomy":"category","embeddable":true,"href":"https:\/\/ff-sghoya.de\/index.php?rest_route=%2Fwp%2Fv2%2Fcategories&post=6109"},{"taxonomy":"post_tag","embeddable":true,"href":"https:\/\/ff-sghoya.de\/index.php?rest_route=%2Fwp%2Fv2%2Ftags&post=6109"}],"curies":[{"name":"wp","href":"https:\/\/api.w.org\/{rel}","templated":true}]}}