{"id":6035,"date":"2024-04-10T12:03:51","date_gmt":"2024-04-10T10:03:51","guid":{"rendered":"https:\/\/ff-sghoya.de\/?p=6035"},"modified":"2024-04-10T13:37:33","modified_gmt":"2024-04-10T11:37:33","slug":"jahreshauptversammlung-der-feuerwehr-der-gemeinde-warpe","status":"publish","type":"post","link":"https:\/\/ff-sghoya.de\/?p=6035","title":{"rendered":"Jahreshauptversammlung der Feuerwehr der Gemeinde Warpe"},"content":{"rendered":"\n<p>Zur Jahreshauptversammlung der Feuerwehr der Gemeinde Warpe\u00a0 hatte Ortbrandmeister Nils Hogrefe am vergangenen Samstag in Okelmann`s Restaurant eingeladen. Neben seinen Aktiven und den Kameraden der Altersabteilung begr\u00fc\u00dfte er besonders aus dem Hoyaer Rathaus den neuen Ordnungsamtsleiter Thorsten Schiemann, den B\u00fcrgermeister der Gemeinde Warpe Heinz Wedekind, sowie\u00a0 Jan Schumacher als stellvertretenden Gemeindebrandmeister, Sabrina\u00a0 Nullmeyer von der Kinderfeuerwehr und Adrian Kuhlenkamp von der Jugendfeuerwehr. Nach der Totenehrung und einem gemeinsamen Essen begr\u00fc\u00dfte Nils Hogrefe Florian Eggers, Daniel Michaelis und Fabian Nacke \u00a0als neue aktive Mitglieder in der Ortsfeuerwehr. Das von Nicole Hupe verlesene Protokoll der letzten Versammlung wurde einstimmig genehmigt. Seinem umfangreichen Jahresbericht zufolge wurden die Warper Wehrleute zu zweiundzwanzig Eins\u00e4tzen alarmiert, die sich in sechszehn technische Hilfeleistungen, vier Brandeins\u00e4tze und zwei Fehlalarme gliederten. Als einen besonderen Einsatz stellte der Ortsbrandmeister die Alarmierung zum Kindergarten Windhorst heraus, hier hatte die automatische Brandmeldeanlage bestimmungsgem\u00e4\u00df ausgel\u00f6st. Vor Ort stellte sich das Ganze dann jedoch als Fehlalarm heraus. Lobend erw\u00e4hnte er noch einmal das umsichtige Verhalten des Kindergartenpersonals. In der Zeit des Kreiszeltlagers, in der es ohnehin schon reichlich zu tun gab, \u00a0wurden die Warper dann auch noch zu f\u00fcnf Eins\u00e4tzen alarmiert. Ebenso waren die Aktiven bei der Hochwasserlage mit dem Bef\u00fcllen der Sands\u00e4cke sowie sechs Einsatzstellen in der Gemeinde Warpe besch\u00e4ftigt. Erw\u00e4hnenswert war hierbei ein Einsatz in Nordholz, bei der Sands\u00e4cke zur Sicherung eines Geb\u00e4udes eingesetzt wurden. Insgesamt zehn Lehrgang- bzw. Seminarpl\u00e4tze wurden seit der letzten Versammlung von den Aktiven der Warper Wehr erfolgreich absolviert. Mit 2913 Dienststunden und 509 Einsatzstunden wurden insgesamt 3422 Stunden in ehrenamtlicher Arbeit geleistet. Mit dem Jahresmotto des Landesfeuerwehrverbandes \u201e FEUERWEHR- EHRENSACHE\u201c schloss Nils Hogrefe seinen Bericht, nicht aber ohne sich noch einmal bei Rat und Verwaltung f\u00fcr die tolle Zusammenarbeit und allen Mitgliedern seiner Ortsfeuerwehr f\u00fcr die geleistete Arbeit und Unterst\u00fctzung zu bedanken. Gruppenf\u00fchrer Christian Schr\u00f6der berichtete von zahlreichen Aktivit\u00e4ten im abgelaufenen Jahr. Neben zahlreichen \u00dcbungen, auch mit den Nachbarwehren, beteiligten sich die Brandsch\u00fctzer auch an diversen Veranstaltungen im Gemeindebereich. Ger\u00e4tewart Achim Danklef berichtete unter anderem von der mittlerweile einundvierzig Jahre alten Tragkraftspritze, die nun in die Jahre gekommen sei und man\u00a0 sich daher\u00a0 um Ersatz bem\u00fchen m\u00fcsse. Atemschutzwart Brian S\u00fc\u00dfenbach informierte die Versammlung \u00fcber sechs einsatzbereite Atemschutzger\u00e4tetr\u00e4ger und die Planung eines Notfalltrainings mit der Schweringer Feuerwehr. Jugendfeuerwehrwart Adrian Kuhlenkamp und Kinderfeuerwehrwartin Sabrina Nullmeyer sprachen \u00fcber Mitgliederzahlen und Dienstgeschehen aus ihren Bereichen und baten um Unterst\u00fctzung aus den Ortsfeuerwehren, da bei den Betreuern dringend zus\u00e4tzliche Kr\u00e4fte ben\u00f6tigt w\u00fcrden. Bei den anschlie\u00dfenden Wahlen wurde Florian Eggers zum Funkwart gew\u00e4hlt, Fred Siefken k\u00fcmmert sich zuk\u00fcnftig um die Belange der Alterskameradschaft. Bei den Bef\u00f6rderungen, die Ortsbrandmeister Nils Hogrefe vornahm wurde Andreas Dee zum ersten Hauptfeuerwehrmann, Nicole Hupe zur Oberfeuerwehrfrau und Florian Eggers zum Oberfeuerwehrmann bef\u00f6rdert. Die Ehrungen bei dieser Versammlung vollzog dann der stellvertretende Gemeindebrandmeister Jan Schumacher. Er ehrte Lutz W\u00fclbern und Heinfried Knippelmeyer mit dem nieders\u00e4chsischen Ehrenzeichen f\u00fcr vierzig j\u00e4hrige T\u00e4tigkeit in der Feuerwehr. Mit dem f\u00fcnfzig j\u00e4hrigen Ehrenzeichen des Landesfeuerwehrverbandes zeichnete er Dieter Hogrefe, J\u00f6rg Twietmeyer, Helmut Grimmelmann und Klaus-Dieter Lausch aus. Das Ehrenzeichen\u00a0 des Landesfeuerwehrverbandes f\u00fcr sechzig j\u00e4hrige Mitgliedschaft\u00a0 erhielt Harald Albert. Im Anschluss \u00fcberbrachte Jan Schumacher die Gr\u00fc\u00dfe der Kreisfeuerwehr, des Kreisfeuerwehrverbandes sowie der Samtgemeindefeuerwehr und informierte die Versammlung \u00fcber Aktuelles aus den verschiedenen Bereichen. Als Ortsbrandmeister der Ortsfeuerwehr B\u00fccken bedankte er sich f\u00fcr die positive Zusammenarbeit und sprach ebenfalls noch einmal das dringende Thema der zus\u00e4tzlichen Betreuer f\u00fcr die Kinder- und Jugendfeuerwehr an.\u00a0 B\u00fcrgermeister Heinz Wedekind gratulierte den Bef\u00f6rderten und Geehrten und dankte den Aktiven f\u00fcr die geleistete Arbeit und die st\u00e4ndige Einsatzbereitschaft, von der er sich bei einem Brandeinsatz pers\u00f6nlich \u00fcberzeugen konnte und beeindruckt war von der professionellen\u00a0 Abarbeitung dieses Einsatzes. Auch Thorsten Schiemann als Ordnungamtsleiter dankte den Einsatzkr\u00e4ften und zollte ihnen Anerkennung f\u00fcr ihr Wirken. Er machte auf zahlreiche Investitionen in den n\u00e4chsten Jahren aufmerksam und bat um Verst\u00e4ndnis daf\u00fcr, dass bei einer angespannten Finanzlage nicht immer alle W\u00fcnsche gleichzeitig und sofort erf\u00fcllt werden k\u00f6nnte<\/p>\n\n\n\n<p><span style=\"font-size:12.0pt;line-height:107%;\nfont-family:&quot;Calibri&quot;,&quot;sans-serif&quot;;mso-ascii-theme-font:minor-latin;mso-fareast-font-family:\nCalibri;mso-fareast-theme-font:minor-latin;mso-hansi-theme-font:minor-latin;\nmso-bidi-font-family:&quot;Times New Roman&quot;;mso-bidi-theme-font:minor-bidi;\nmso-ansi-language:DE;mso-fareast-language:EN-US;mso-bidi-language:AR-SA\"><br><\/span><\/p>\n\n\n\n\n\n<figure class=\"wp-block-image size-full is-resized\"><img loading=\"lazy\" decoding=\"async\" width=\"685\" height=\"514\" src=\"https:\/\/ff-sghoya.de\/wp-content\/uploads\/2024\/04\/cf05b891-4af0-4b93-84c8-4a5aa5b1b230-1.jpg\" alt=\"\" class=\"wp-image-6037\" style=\"width:786px;height:auto\"\/><figcaption class=\"wp-element-caption\">v. l.: Thorsten Schiemann, Heinz Wedekind, Florian Eggers, Jan Schumacher, Heinfried Knippelmeyer, J\u00f6rg Twietmeyer, Lutz W\u00fclbern, Andreas Dee, Klaus Dieter Lausch, Helmut Grimmelmann, Harald Albert, Nils Hogrefe, Thomas Nacke, Nicole Hupe, Dieter Hogrefe <\/figcaption><\/figure>\n\n\n\n<ul class=\"wp-block-list\">\n<li><\/li>\n\n\n\n<li><\/li>\n<\/ul>\n\n\n\n<details class=\"wp-block-details is-layout-flow wp-block-details-is-layout-flow\"><summary><\/summary>\n<p><\/p>\n<\/details>\n\n\n\n<pre class=\"wp-block-preformatted\"><\/pre>\n\n\n\n<pre class=\"wp-block-preformatted\"><\/pre>\n\n\n\n<pre class=\"wp-block-preformatted\"><\/pre>\n\n\n\n<pre class=\"wp-block-preformatted\"><\/pre>\n\n\n\n<pre class=\"wp-block-verse\"><\/pre>\n\n\n\n<p><\/p>\n","protected":false},"excerpt":{"rendered":"<p>Zur Jahreshauptversammlung der Feuerwehr der Gemeinde Warpe\u00a0 hatte Ortbrandmeister Nils Hogrefe am vergangenen Samstag in Okelmann`s Restaurant eingeladen. Neben seinen<\/p>\n","protected":false},"author":43,"featured_media":0,"comment_status":"closed","ping_status":"closed","sticky":false,"template":"","format":"standard","meta":{"colormag_page_container_layout":"default_layout","colormag_page_sidebar_layout":"default_layout","footnotes":""},"categories":[92],"tags":[],"class_list":["post-6035","post","type-post","status-publish","format-standard","hentry","category-gemeinde-warpe"],"_links":{"self":[{"href":"https:\/\/ff-sghoya.de\/index.php?rest_route=\/wp\/v2\/posts\/6035","targetHints":{"allow":["GET"]}}],"collection":[{"href":"https:\/\/ff-sghoya.de\/index.php?rest_route=\/wp\/v2\/posts"}],"about":[{"href":"https:\/\/ff-sghoya.de\/index.php?rest_route=\/wp\/v2\/types\/post"}],"author":[{"embeddable":true,"href":"https:\/\/ff-sghoya.de\/index.php?rest_route=\/wp\/v2\/users\/43"}],"replies":[{"embeddable":true,"href":"https:\/\/ff-sghoya.de\/index.php?rest_route=%2Fwp%2Fv2%2Fcomments&post=6035"}],"version-history":[{"count":3,"href":"https:\/\/ff-sghoya.de\/index.php?rest_route=\/wp\/v2\/posts\/6035\/revisions"}],"predecessor-version":[{"id":6041,"href":"https:\/\/ff-sghoya.de\/index.php?rest_route=\/wp\/v2\/posts\/6035\/revisions\/6041"}],"wp:attachment":[{"href":"https:\/\/ff-sghoya.de\/index.php?rest_route=%2Fwp%2Fv2%2Fmedia&parent=6035"}],"wp:term":[{"taxonomy":"category","embeddable":true,"href":"https:\/\/ff-sghoya.de\/index.php?rest_route=%2Fwp%2Fv2%2Fcategories&post=6035"},{"taxonomy":"post_tag","embeddable":true,"href":"https:\/\/ff-sghoya.de\/index.php?rest_route=%2Fwp%2Fv2%2Ftags&post=6035"}],"curies":[{"name":"wp","href":"https:\/\/api.w.org\/{rel}","templated":true}]}}