{"id":6030,"date":"2024-03-28T10:06:49","date_gmt":"2024-03-28T09:06:49","guid":{"rendered":"https:\/\/ff-sghoya.de\/?p=6030"},"modified":"2024-03-28T10:06:51","modified_gmt":"2024-03-28T09:06:51","slug":"ernennung-verabschiedung-2","status":"publish","type":"post","link":"https:\/\/ff-sghoya.de\/?p=6030","title":{"rendered":"Ernennung \/ Verabschiedung"},"content":{"rendered":"\n<p>Zu einer kleinen Feierstunde im Rathaus Hoya hatte jetzt Samtgemeinde B\u00fcrgermeister Detlef Meyer f\u00fcr die Entlassung und Ernennung von Ortsbrandmeistern und stellvertretenden Ortsbrandmeistern eingeladen. Nach zw\u00f6lf Jahren als stellvertretender Ortsbrandmeister der Feuerwehr Hoyerhagen bekam Kai Wicke von Detlef Meyer ein Pr\u00e4sent und seine Entlassungsurkunde \u00fcberreicht. Mit einer Vereidigung folgte w\u00e4hrend der Feierstunde eine Ernennung in das Ehrenbeamtenverh\u00e4ltnis. Arne Holze wurde zum neuen stellvertretenden Ortsbrandmeister der Feuerwehr Wechold ernannt. Im Beisein von Thorsten Schiemann und Samantha Lohrberg von der Samtgemeindeverwaltung, Gemeindebrandmeister Carsten Meyer und seinen beiden Stellvertretern Georg B\u00fchmann und Jan Schumacher, legte Arne Holze den Amtseid ab, und bekam aus den H\u00e4nden von Detlef Meyer seine Ernennungsurkunde. Die G\u00e4ste gratulierten dem neu ernannten, und w\u00fcnschten ihm alles Gute. Im weiteren Verlauf der Feierstunde wurden Moritz Temp zum Ortsbrandmeister und Daniel G\u00e4tje zum stellvertretenden Ortsbrandmeister der Freiwilligen Feuerwehr Hoyerhagen kommissarisch beauftragt. Auch ihnen w\u00fcnschten die G\u00e4ste ein gutes gelingen, und alles Gute.<\/p>\n\n\n\n<figure class=\"wp-block-image size-full\"><img loading=\"lazy\" decoding=\"async\" width=\"2560\" height=\"1920\" src=\"https:\/\/ff-sghoya.de\/wp-content\/uploads\/2024\/03\/hintere-Reihe-v.li_.Kai-Wicke-Daniel-Gaetje-Georg-Buehmann-Carsten-Meyer-Detlef-Meyer-Jan-Schumacher-vorne-v.li_.-Moritz-Temp-Arne-Holze-Thorsten-Schiemann-Samantha-Lohrberg-scaled.jpg\" alt=\"\" class=\"wp-image-6032\" srcset=\"https:\/\/ff-sghoya.de\/wp-content\/uploads\/2024\/03\/hintere-Reihe-v.li_.Kai-Wicke-Daniel-Gaetje-Georg-Buehmann-Carsten-Meyer-Detlef-Meyer-Jan-Schumacher-vorne-v.li_.-Moritz-Temp-Arne-Holze-Thorsten-Schiemann-Samantha-Lohrberg-scaled.jpg 2560w, https:\/\/ff-sghoya.de\/wp-content\/uploads\/2024\/03\/hintere-Reihe-v.li_.Kai-Wicke-Daniel-Gaetje-Georg-Buehmann-Carsten-Meyer-Detlef-Meyer-Jan-Schumacher-vorne-v.li_.-Moritz-Temp-Arne-Holze-Thorsten-Schiemann-Samantha-Lohrberg-768x576.jpg 768w, https:\/\/ff-sghoya.de\/wp-content\/uploads\/2024\/03\/hintere-Reihe-v.li_.Kai-Wicke-Daniel-Gaetje-Georg-Buehmann-Carsten-Meyer-Detlef-Meyer-Jan-Schumacher-vorne-v.li_.-Moritz-Temp-Arne-Holze-Thorsten-Schiemann-Samantha-Lohrberg-1536x1152.jpg 1536w, https:\/\/ff-sghoya.de\/wp-content\/uploads\/2024\/03\/hintere-Reihe-v.li_.Kai-Wicke-Daniel-Gaetje-Georg-Buehmann-Carsten-Meyer-Detlef-Meyer-Jan-Schumacher-vorne-v.li_.-Moritz-Temp-Arne-Holze-Thorsten-Schiemann-Samantha-Lohrberg-2048x1536.jpg 2048w\" sizes=\"auto, (max-width: 2560px) 100vw, 2560px\" \/><figcaption class=\"wp-element-caption\">hintere Reihe v.li. Kai Wicke, Daniel G\u00e4tje, Georg B\u00fchmann, Carsten Meyer, Detlef Meyer, Jan Schumacher, vorne v.li. Moritz Temp, Arne Holze, Thorsten Schiemann, Samantha Lohrberg<\/figcaption><\/figure>\n","protected":false},"excerpt":{"rendered":"<p>Zu einer kleinen Feierstunde im Rathaus Hoya hatte jetzt Samtgemeinde B\u00fcrgermeister Detlef Meyer f\u00fcr die Entlassung und Ernennung von Ortsbrandmeistern<\/p>\n","protected":false},"author":44,"featured_media":0,"comment_status":"closed","ping_status":"closed","sticky":false,"template":"","format":"standard","meta":{"colormag_page_container_layout":"default_layout","colormag_page_sidebar_layout":"default_layout","footnotes":""},"categories":[30],"tags":[],"class_list":["post-6030","post","type-post","status-publish","format-standard","hentry","category-allgemein"],"_links":{"self":[{"href":"https:\/\/ff-sghoya.de\/index.php?rest_route=\/wp\/v2\/posts\/6030","targetHints":{"allow":["GET"]}}],"collection":[{"href":"https:\/\/ff-sghoya.de\/index.php?rest_route=\/wp\/v2\/posts"}],"about":[{"href":"https:\/\/ff-sghoya.de\/index.php?rest_route=\/wp\/v2\/types\/post"}],"author":[{"embeddable":true,"href":"https:\/\/ff-sghoya.de\/index.php?rest_route=\/wp\/v2\/users\/44"}],"replies":[{"embeddable":true,"href":"https:\/\/ff-sghoya.de\/index.php?rest_route=%2Fwp%2Fv2%2Fcomments&post=6030"}],"version-history":[{"count":2,"href":"https:\/\/ff-sghoya.de\/index.php?rest_route=\/wp\/v2\/posts\/6030\/revisions"}],"predecessor-version":[{"id":6033,"href":"https:\/\/ff-sghoya.de\/index.php?rest_route=\/wp\/v2\/posts\/6030\/revisions\/6033"}],"wp:attachment":[{"href":"https:\/\/ff-sghoya.de\/index.php?rest_route=%2Fwp%2Fv2%2Fmedia&parent=6030"}],"wp:term":[{"taxonomy":"category","embeddable":true,"href":"https:\/\/ff-sghoya.de\/index.php?rest_route=%2Fwp%2Fv2%2Fcategories&post=6030"},{"taxonomy":"post_tag","embeddable":true,"href":"https:\/\/ff-sghoya.de\/index.php?rest_route=%2Fwp%2Fv2%2Ftags&post=6030"}],"curies":[{"name":"wp","href":"https:\/\/api.w.org\/{rel}","templated":true}]}}