{"id":5411,"date":"2023-08-29T12:37:27","date_gmt":"2023-08-29T10:37:27","guid":{"rendered":"https:\/\/ff-sghoya.de\/?p=5411"},"modified":"2023-10-26T14:06:12","modified_gmt":"2023-10-26T12:06:12","slug":"containerbrand-schweringen","status":"publish","type":"post","link":"https:\/\/ff-sghoya.de\/?p=5411","title":{"rendered":"Containerbrand Schweringen"},"content":{"rendered":"\n<p>Bereits am Montag vergangener Woche wurden die Feuerwehren Schweringen und B\u00fccken mit dem Einsatzstichwort \u201eKleinbrand Container\u201c in das Industriegebiet Schweringen gerufen. Der Einsatzort befand sich jedoch nicht &nbsp;im Industriegebiet, sondern auf der direkt vorbeiverlaufenden L 351. Der Fahrer eines M\u00fcllwagens hatte den qualmenden Container auf der Landesstra\u00dfe abgesetzt, um ein \u00dcbergreifen auf den LKW zu verhindern. Nachdem das Feuer grob abgel\u00f6scht war, entschied Einsatzleiterin Petra Preikschat, den Container auf ein Firmengel\u00e4nde in Sebbenhausen zu verbringen und dort zu entleeren. Da die Einsatzstelle nun in einem anderen Gemeindebereich lag wurde die zust\u00e4ndige Ortsfeuerwehr Balge-Holzbalge-Sebbenhausen nachalarmiert. Das Feuer wurde von den Einsatzkr\u00e4ften unter Filterger\u00e4ten mit 2 C-Rohren abgel\u00f6scht und der Einsatz, bei dem niemand verletzt wurde, konnte nach gut einer Stunde erfolgreich beendet werden.<\/p>\n\n\n\n<figure class=\"wp-block-image size-full\"><img loading=\"lazy\" decoding=\"async\" width=\"633\" height=\"475\" src=\"http:\/\/ff-sghoya.de\/wp-content\/uploads\/2023\/08\/6ce7a143-7e40-417a-adb3-e5cc6e7b9089-2.jpg\" alt=\"\" class=\"wp-image-5422\"\/><\/figure>\n\n\n\n\n\n\n\n\n\n<figure class=\"wp-block-image size-full\"><img loading=\"lazy\" decoding=\"async\" width=\"359\" height=\"479\" src=\"https:\/\/ff-sghoya.de\/wp-content\/uploads\/2023\/08\/4e2397ee-8242-4a63-bc91-100d6db9a8a6-3.jpg\" alt=\"\" class=\"wp-image-5426\"\/><\/figure>\n","protected":false},"excerpt":{"rendered":"<p>Bereits am Montag vergangener Woche wurden die Feuerwehren Schweringen und B\u00fccken mit dem Einsatzstichwort \u201eKleinbrand Container\u201c in das Industriegebiet Schweringen<\/p>\n","protected":false},"author":43,"featured_media":0,"comment_status":"closed","ping_status":"closed","sticky":false,"template":"","format":"standard","meta":{"colormag_page_container_layout":"default_layout","colormag_page_sidebar_layout":"default_layout","footnotes":""},"categories":[53,31,44],"tags":[],"class_list":["post-5411","post","type-post","status-publish","format-standard","hentry","category-buecken","category-einsaetze","category-schweringen"],"_links":{"self":[{"href":"https:\/\/ff-sghoya.de\/index.php?rest_route=\/wp\/v2\/posts\/5411","targetHints":{"allow":["GET"]}}],"collection":[{"href":"https:\/\/ff-sghoya.de\/index.php?rest_route=\/wp\/v2\/posts"}],"about":[{"href":"https:\/\/ff-sghoya.de\/index.php?rest_route=\/wp\/v2\/types\/post"}],"author":[{"embeddable":true,"href":"https:\/\/ff-sghoya.de\/index.php?rest_route=\/wp\/v2\/users\/43"}],"replies":[{"embeddable":true,"href":"https:\/\/ff-sghoya.de\/index.php?rest_route=%2Fwp%2Fv2%2Fcomments&post=5411"}],"version-history":[{"count":9,"href":"https:\/\/ff-sghoya.de\/index.php?rest_route=\/wp\/v2\/posts\/5411\/revisions"}],"predecessor-version":[{"id":5583,"href":"https:\/\/ff-sghoya.de\/index.php?rest_route=\/wp\/v2\/posts\/5411\/revisions\/5583"}],"wp:attachment":[{"href":"https:\/\/ff-sghoya.de\/index.php?rest_route=%2Fwp%2Fv2%2Fmedia&parent=5411"}],"wp:term":[{"taxonomy":"category","embeddable":true,"href":"https:\/\/ff-sghoya.de\/index.php?rest_route=%2Fwp%2Fv2%2Fcategories&post=5411"},{"taxonomy":"post_tag","embeddable":true,"href":"https:\/\/ff-sghoya.de\/index.php?rest_route=%2Fwp%2Fv2%2Ftags&post=5411"}],"curies":[{"name":"wp","href":"https:\/\/api.w.org\/{rel}","templated":true}]}}