{"id":5198,"date":"2023-04-21T18:32:21","date_gmt":"2023-04-21T16:32:21","guid":{"rendered":"https:\/\/ff-sghoya.de\/?p=5198"},"modified":"2023-10-31T14:40:55","modified_gmt":"2023-10-31T13:40:55","slug":"grosser-bahnhof-bei-der-feuerwehr","status":"publish","type":"post","link":"https:\/\/ff-sghoya.de\/?p=5198","title":{"rendered":"Gro\u00dfer Bahnhof bei der Feuerwehr"},"content":{"rendered":"\n<p><\/p>\n\n\n\n<figure class=\"wp-block-image alignleft size-full is-resized\"><a href=\"https:\/\/ff-sghoya.de\/wp-content\/uploads\/2023\/05\/100_0102-1.jpg\"><img loading=\"lazy\" decoding=\"async\" width=\"320\" height=\"240\" src=\"http:\/\/ff-sghoya.de\/wp-content\/uploads\/2023\/05\/100_0102-1.jpg\" alt=\"von links: Wilfried G\u00fctz, Detlef Meyer, Carsten Meyer, Heinrich Lohmann, Petra Guder, Mario Kramer, Stefan Vogt.\" class=\"wp-image-5200\" style=\"width:363px;height:273px\"\/><\/a><figcaption class=\"wp-element-caption\">von links: Wilfried G\u00fctz, Detlef Meyer, Carsten Meyer, Heinrich Lohmann, Petra Guder, Mario Kramer, Stefan Vogt.<\/figcaption><\/figure>\n\n\n\n<p>Eine Fahrzeug\u00fcbergabe in dieser Dimension hat es bei den Feuerwehren der Samtgemeinde Grafschaft Hoya noch nicht gegeben. Ortbrandmeisterin Petra Guder und Ortsbrandmeister Heinrich Lohmann begr\u00fc\u00dften mehr als 200 G\u00e4ste anl\u00e4sslich dieser Veranstaltung beim Feuerwehrger\u00e4tehaus in Hoya. Neben den Aktiven, den Mitgliedern der Altersabteilung, der Jugend-und der Kinderfeuerwehr der Feuerwehren aus Hoya und Wienbergen konnte Petra Guder den Samtgemeindeb\u00fcrgermeister Detlef Meyer sowie Uwe Back, Samantha Lohrberg und Bianca Meyer aus dem Rathaus willkommen hei\u00dfen. Aus Feuerwehrkreisen waren die F\u00fchrungskr\u00e4fte der St\u00fctzpunkt- und Ortsfeuerwehren, sowie Abordnungen der Feuerwehren aus Harsefeld, Hannover \u2013 Linden und Berlin \u2013 Lichtenrade der Einladung gefolgt. Ebenso pr\u00e4sent waren Vertreter des DRK und des THW.<\/p>\n\n\n\n<figure class=\"wp-block-image alignright size-full is-resized\"><a href=\"https:\/\/ff-sghoya.de\/wp-content\/uploads\/2023\/05\/100_0117.jpg\"><img loading=\"lazy\" decoding=\"async\" width=\"320\" height=\"240\" src=\"http:\/\/ff-sghoya.de\/wp-content\/uploads\/2023\/05\/100_0117.jpg\" alt=\"von links: Detlef Meyer, Wilfried G\u00fctz, Petra Guder, Heinrich Lohmann, Tobias Grimmelmann, Christian Wilden, Carsten Meyer, Mario Kramer, Stefan Vogt.\n \" class=\"wp-image-5201\" style=\"width:443px;height:332px\"\/><\/a><figcaption class=\"wp-element-caption\"><kbd>von links: Detlef Meyer, Wilfried G\u00fctz, Petra Guder, Heinrich Lohmann, Tobias Grimmelmann, Christian Wilden, Carsten Meyer, Mario Kramer, Stefan Vogt.<br>&nbsp;<\/kbd><\/figcaption><\/figure>\n\n\n\n<p>Nach der Begr\u00fc\u00dfung wurden die im Vorfeld vor dem Feuerwehrhaus aufgestellten, zu ersetzenden Fahrzeuge mit Blaulicht und Martinshorn unter dem Applaus der G\u00e4ste in den wohlverdienten Ruhestand verabschiedet. Das Tankl\u00f6schfahrzeug ( TLF&nbsp; (8\/18 ) sowie der Mannschaftstransportwagen ( MTW ) aus Wienbergen, sowie das L\u00f6schgruppenfahrzeug ( LF 10\/6 ) aus Hoya hatten z. T. mehr als 3 Jahrzehnte verl\u00e4sslich ihren Dienst getan. Mit Alarmfahrt wurden dann die drei neuen Fahrzeuge vor dem Ger\u00e4tehaus in Stellung gebracht.<\/p>\n\n\n\n<p>Anschlie\u00dfend ergriff der Samtgemeindeb\u00fcrgermeister&nbsp; Detlef Meyer das Wort und ging in seiner Rede noch einmal intensiv auf die Wichtigkeit der Institution freiwillige Feuerwehr ein. Die Feuerwehren der Samtgemeinde seien ein Garant f\u00fcr Sicherheit und Verl\u00e4sslichkeit und sie m\u00fcssten eben auch entsprechend den Erfordernissen mit den n\u00f6tigen Mitteln ausger\u00fcstet sein, um das auch zuk\u00fcnftig gew\u00e4hrleisten zu k\u00f6nnen. &nbsp;Mit der Beschaffung dieser drei neuen Fahrzeuge sind weitere Punkte des Feuerwehrbedarfsplans erledigt worden. F\u00fcr das Tankl\u00f6schfahrzeug ( TLF 3000 ) und den Mannschaftstransportwagen ( MTW ) f\u00fcr die Feuerwehr Wienbergen sowie das ( LF 20 )f\u00fcr die Feuerwehr Hoya waren insgesamt 780.000\u20ac aufzubringen, eine gute Investition, wie der&nbsp; Samtgemeindeb\u00fcrgermeister betonte.<\/p>\n\n\n\n<p>Im Anschluss w\u00fcrdigte Detlef Meyer noch einmal die Verdienste von Wilfried G\u00fctz, der als langj\u00e4hriger Ortsbrandmeister der St\u00fctzpunktfeuerwehr Hoya und stellvertretender Gemeindebrandmeister der Samtgemeindefeuerwehr Grafschaft Hoya im Laufe seiner Dienstzeit viele Dinge erfolgreich auf den Weg gebracht habe, der mit Rat und Tat immer zur Verf\u00fcgung stand&nbsp; und gerade bei den Fahrzeugbeschaffungen ein kompetenter Ansprechpartner war. F\u00fcr all seine Verdienste wurde ihm aufgrund des Beschlusses des Samtgemeinderates die Ehrenbezeichnung&nbsp; \u201e Ehrenortsbrandmeister der Ortswehr Hoya\u201c verliehen.<\/p>\n\n\n\n<p>Danach folgte die offizielle Schl\u00fcssel\u00fcbergabe. Gemeindebrandmeister Carsten Meyer empfing vom Samtgemeinb\u00fcrgermeister die symbolischen Schl\u00fcssel und &nbsp;bedankte sich bei Rat und Verwaltung f\u00fcr die Beschaffung der drei Einsatzfahrzeuge. Carsten Meyer gab die Schl\u00fcssel an Ortsbrandmeisterin aus Hoya Petra Guder sowie an den Ortsbrandmeister Heinrich Lohmann aus Wienbergen weiter und w\u00fcnschte allzeit gute und unfallfreie Fahrt. Schlie\u00dflich gingen die Schl\u00fcssel an die verantwortlichen Ger\u00e4tewart Tobias Grimmelmann aus Hoya und Christian Wilden aus Wienbergen.<\/p>\n\n\n\n<p>Vom Rat der Stadt Hoya \u00fcberbrachte Sven B\u00e4uerle beste Gr\u00fc\u00dfe und \u00fcbereichte ein Pr\u00e4sent und auch eine Abordnung der Kinderfeuerwehr meldete sich zu Wort, \u00fcberreichte einen selbst gebastelten Schutzengel und w\u00fcnschte allzeit gute Fahrt.<\/p>\n\n\n\n<p>Zum Ende des offiziellen Teils bedankte sich Petra Guder bei einigen ihrer Aktiven, die in den letzten Tagen vor dem gro\u00dfen Ereignis die Au\u00dfenanlagen des Ger\u00e4tehauses noch einmal hergerichtet hatten, sowie bei den vier Dekoqueens, die f\u00fcr ein ansprechendes Ambiente gesorgt hatten.<\/p>\n\n\n\n<p>Mit Bratwurst und Getr\u00e4nken ging es dann bei Kaiserwetter noch einige Stunden, bis nach Mitternacht weiter, denn wann hat man Gelegenheit solch ein Ereignis schon mal zu feiern?<\/p>\n\n\n\n<p>Details zu den Fahrzeugen:<\/p>\n\n\n\n<p>TLF 3000:&nbsp; 4000 ltr. Wasser, 500 ltr. Schaum, Dachmonitor, Lichtmast, Frontspr\u00fchbalken,&nbsp;Pump and Rollbetrieb, Leiterentnahmehilfe, Bullhorn.<\/p>\n\n\n\n<p>LF 20: 2000 ltr. Wasser, 200ltr. Schaum, 4 PA im Mannschaftsraum, Lichtmast, L\u00f6schdecke f\u00fcr PKW Br\u00e4nde, Pump an Rollbetrieb, Leiterentnahmehilfe, Bullhorn.<\/p>\n\n\n\n<p><em><strong>Text und Bilder: Friedrich Brinkmann, Feuerwehrpressewart SG Grafschaft Hoya<\/strong><\/em><\/p>\n","protected":false},"excerpt":{"rendered":"<p>Eine Fahrzeug\u00fcbergabe in dieser Dimension hat es bei den Feuerwehren der Samtgemeinde Grafschaft Hoya noch nicht gegeben. Ortbrandmeisterin Petra Guder<\/p>\n","protected":false},"author":3,"featured_media":5200,"comment_status":"closed","ping_status":"closed","sticky":false,"template":"","format":"standard","meta":{"colormag_page_container_layout":"default_layout","colormag_page_sidebar_layout":"default_layout","footnotes":""},"categories":[30,39,82,70,1],"tags":[],"class_list":["post-5198","post","type-post","status-publish","format-standard","has-post-thumbnail","hentry","category-allgemein","category-hoya","category-samtgemeindefeuerwehr","category-stuetzpunkt-wienbergen","category-uncategorized"],"_links":{"self":[{"href":"https:\/\/ff-sghoya.de\/index.php?rest_route=\/wp\/v2\/posts\/5198","targetHints":{"allow":["GET"]}}],"collection":[{"href":"https:\/\/ff-sghoya.de\/index.php?rest_route=\/wp\/v2\/posts"}],"about":[{"href":"https:\/\/ff-sghoya.de\/index.php?rest_route=\/wp\/v2\/types\/post"}],"author":[{"embeddable":true,"href":"https:\/\/ff-sghoya.de\/index.php?rest_route=\/wp\/v2\/users\/3"}],"replies":[{"embeddable":true,"href":"https:\/\/ff-sghoya.de\/index.php?rest_route=%2Fwp%2Fv2%2Fcomments&post=5198"}],"version-history":[{"count":7,"href":"https:\/\/ff-sghoya.de\/index.php?rest_route=\/wp\/v2\/posts\/5198\/revisions"}],"predecessor-version":[{"id":5595,"href":"https:\/\/ff-sghoya.de\/index.php?rest_route=\/wp\/v2\/posts\/5198\/revisions\/5595"}],"wp:featuredmedia":[{"embeddable":true,"href":"https:\/\/ff-sghoya.de\/index.php?rest_route=\/wp\/v2\/media\/5200"}],"wp:attachment":[{"href":"https:\/\/ff-sghoya.de\/index.php?rest_route=%2Fwp%2Fv2%2Fmedia&parent=5198"}],"wp:term":[{"taxonomy":"category","embeddable":true,"href":"https:\/\/ff-sghoya.de\/index.php?rest_route=%2Fwp%2Fv2%2Fcategories&post=5198"},{"taxonomy":"post_tag","embeddable":true,"href":"https:\/\/ff-sghoya.de\/index.php?rest_route=%2Fwp%2Fv2%2Ftags&post=5198"}],"curies":[{"name":"wp","href":"https:\/\/api.w.org\/{rel}","templated":true}]}}