{"id":5168,"date":"2023-02-11T19:00:00","date_gmt":"2023-02-11T18:00:00","guid":{"rendered":"https:\/\/ff-sghoya.de\/?p=5168"},"modified":"2023-04-18T10:59:57","modified_gmt":"2023-04-18T08:59:57","slug":"jhv-ff-mehringen","status":"publish","type":"post","link":"https:\/\/ff-sghoya.de\/?p=5168","title":{"rendered":"JHV FF Mehringen"},"content":{"rendered":"\n<figure class=\"wp-block-image size-full is-resized\"><img loading=\"lazy\" decoding=\"async\" src=\"https:\/\/ff-sghoya.de\/wp-content\/uploads\/2023\/04\/20230210_Mehringen_JHV.jpg\" alt=\"\" class=\"wp-image-5169\" width=\"508\" height=\"340\" srcset=\"https:\/\/ff-sghoya.de\/wp-content\/uploads\/2023\/04\/20230210_Mehringen_JHV.jpg 1016w, https:\/\/ff-sghoya.de\/wp-content\/uploads\/2023\/04\/20230210_Mehringen_JHV-768x514.jpg 768w\" sizes=\"auto, (max-width: 508px) 100vw, 508px\" \/><\/figure>\n\n\n\n<p><strong>Blick auf das 100j\u00e4hrige Jubil\u00e4um<\/strong><\/p>\n\n\n\n<p>Zu der Jahreshauptversammlung der Freiwilligen Feuerwehr Mehringen begr\u00fc\u00dfte Ortsbrandmeister Bernd Pfeiffer Mitglieder und G\u00e4ste im D\u00f6rpshus in Mehringen. Die Wehr besteht derzeit aus neunzehn Aktiven, darunter f\u00fcnf Frauen und ein Atemschutzger\u00e4tetr\u00e4ger, dreizehn Alterskameraden und f\u00fcnfzehn F\u00f6rdermitgliedern. Zu den Aktivit\u00e4ten der Ehrenamtlichen z\u00e4hlten neben zwei Einsatz\u00fcbungen in Hoya und Hoyerhagen, zwei Funk\u00fcbungen, die M\u00fcllsammelaktion der Gemeinde Hilgermissen, zwei Altpapiersammlungen, sowie eine Sammlung f\u00fcr die Kriegsgr\u00e4berf\u00fcrsorge. Highlight des Jahres war die Einweihung des Feuerwehrhauses in Hoya mit dem sehr gut besuchten Tag der offenen T\u00fcr \u201eein sehr gelungenes Fest das sehr viel Spa\u00df gemacht hat\u201c res\u00fcmierte Pfeiffer. An Eins\u00e4tzen arbeiteten die Mehringer einen Werkstattbrand in Mehringen und einen Brand auf dem Schulgel\u00e4nde in Hoya ab, zudem sicherten sie zwei Sch\u00fctzenumz\u00fcge in Mehringen und Heesen, sowie den gro\u00dfen Laternenumzug in Hoya ab. Zur Kameradschaftspflege konnte im Mai nach der Coronapause auch endlich wieder eine Radtour mit Spargelessen stattfinden. Die Alterskameradschaft nahm au\u00dferdem an der Dreitagesfahrt der Samtgemeindealterskameraden nach Essen teil und bei einem internen Treffen wurde das im Bau befindliche neue Umspannwerk der Firma Tennet in Mehringen besichtigt. Aber auch Ehrungen und Wahlen standen auf der Tagesordnung. Schriftf\u00fchrerin Imke Pfeiffer, die das Amt bereits seit 1994 bekleidet, wurde einstimmig wiedergew\u00e4hlt. Neu in den \u00c4mtern sind Elisa Hoppe als Kassenpr\u00fcferin, sowie Steffen Ahlers als Mitglied im Festausschuss. Geehrt wurden Bernhard Winsemann f\u00fcr vierzigj\u00e4hrige Mitgliedschaft in der Feuerwehr, sowie G\u00fcnter B\u00f6sche f\u00fcr stolze sechzig Jahre. Von einem aktiven Kameraden mussten sich die Anwesenden jedoch verabschieden, denn Dieter Schmeckpeper ging mit viel Dank f\u00fcr seine super Unterst\u00fctzung in die Alterskameradschaft \u00fcber. Bei den Gru\u00dfworten der G\u00e4ste verabschiedete sich auch Uwe Back, der im Mai in den Ruhestand geht von der Ortswehr mit einem R\u00fcckblick aus seiner Dienstzeit, in der die Feuerwehren einen riesigen Fortschritt gemacht haben und w\u00fcnschte der Freiwilligen Feuerwehr Mehringen schon einmal ein sch\u00f6nes Jubil\u00e4um, denn diese wird in 2026 stolze 100 Jahre alt und m\u00f6chte dieses voraussichtlich mit Wettbewerben gemeinsam mit der Nachbarwehr Heesen feiern. Bei weiteren Gru\u00dfworten berichteten Jugendfeuerwehrwart Erik Meyer, sowie Lars Walluchs von der Kinderfeuerwehr aus den beiden Hilgermisser Nachwuchswehren, Gemeindebrandmeister Carsten Meyer aus der Samtgemeindeebene und der stellvertretende Brandabschnittsleiter Nord Ehler Lange aus der Kreisebene. Ortsbrandmeisterin Petra Guder lobte zudem die gute Kooperation mit den Mehringern, die sich im neuen Feuerwehrhaus sehr gut eingelebt haben.<\/p>\n\n\n\n<p><strong><em>Text\/Foto: M. Thiermann<\/em><\/strong><\/p>\n","protected":false},"excerpt":{"rendered":"<p>Blick auf das 100j\u00e4hrige Jubil\u00e4um Zu der Jahreshauptversammlung der Freiwilligen Feuerwehr Mehringen begr\u00fc\u00dfte Ortsbrandmeister Bernd Pfeiffer Mitglieder und G\u00e4ste im<\/p>\n","protected":false},"author":22,"featured_media":5169,"comment_status":"closed","ping_status":"closed","sticky":false,"template":"","format":"standard","meta":{"colormag_page_container_layout":"default_layout","colormag_page_sidebar_layout":"default_layout","footnotes":""},"categories":[30,42],"tags":[],"class_list":["post-5168","post","type-post","status-publish","format-standard","has-post-thumbnail","hentry","category-allgemein","category-mehringen"],"_links":{"self":[{"href":"https:\/\/ff-sghoya.de\/index.php?rest_route=\/wp\/v2\/posts\/5168","targetHints":{"allow":["GET"]}}],"collection":[{"href":"https:\/\/ff-sghoya.de\/index.php?rest_route=\/wp\/v2\/posts"}],"about":[{"href":"https:\/\/ff-sghoya.de\/index.php?rest_route=\/wp\/v2\/types\/post"}],"author":[{"embeddable":true,"href":"https:\/\/ff-sghoya.de\/index.php?rest_route=\/wp\/v2\/users\/22"}],"replies":[{"embeddable":true,"href":"https:\/\/ff-sghoya.de\/index.php?rest_route=%2Fwp%2Fv2%2Fcomments&post=5168"}],"version-history":[{"count":1,"href":"https:\/\/ff-sghoya.de\/index.php?rest_route=\/wp\/v2\/posts\/5168\/revisions"}],"predecessor-version":[{"id":5170,"href":"https:\/\/ff-sghoya.de\/index.php?rest_route=\/wp\/v2\/posts\/5168\/revisions\/5170"}],"wp:featuredmedia":[{"embeddable":true,"href":"https:\/\/ff-sghoya.de\/index.php?rest_route=\/wp\/v2\/media\/5169"}],"wp:attachment":[{"href":"https:\/\/ff-sghoya.de\/index.php?rest_route=%2Fwp%2Fv2%2Fmedia&parent=5168"}],"wp:term":[{"taxonomy":"category","embeddable":true,"href":"https:\/\/ff-sghoya.de\/index.php?rest_route=%2Fwp%2Fv2%2Fcategories&post=5168"},{"taxonomy":"post_tag","embeddable":true,"href":"https:\/\/ff-sghoya.de\/index.php?rest_route=%2Fwp%2Fv2%2Ftags&post=5168"}],"curies":[{"name":"wp","href":"https:\/\/api.w.org\/{rel}","templated":true}]}}