{"id":5134,"date":"2023-01-28T15:00:00","date_gmt":"2023-01-28T14:00:00","guid":{"rendered":"https:\/\/ff-sghoya.de\/?p=5134"},"modified":"2023-02-08T10:34:23","modified_gmt":"2023-02-08T09:34:23","slug":"jhv-jf-eystrup-u-u","status":"publish","type":"post","link":"https:\/\/ff-sghoya.de\/?p=5134","title":{"rendered":"JHV JF Eystrup u.U."},"content":{"rendered":"\n<figure class=\"wp-block-image size-full is-resized\"><img loading=\"lazy\" decoding=\"async\" src=\"https:\/\/ff-sghoya.de\/wp-content\/uploads\/2023\/02\/20230128_JFEystrup_JHV.jpg\" alt=\"\" class=\"wp-image-5135\" width=\"600\" height=\"450\" srcset=\"https:\/\/ff-sghoya.de\/wp-content\/uploads\/2023\/02\/20230128_JFEystrup_JHV.jpg 800w, https:\/\/ff-sghoya.de\/wp-content\/uploads\/2023\/02\/20230128_JFEystrup_JHV-768x576.jpg 768w\" sizes=\"auto, (max-width: 600px) 100vw, 600px\" \/><\/figure>\n\n\n\n<p><strong>Premiere f\u00fcr den Jugendfeuerwehrwart<\/strong>                                                                                                                                                                    <strong>Stolze Zahl von acht \u00dcberg\u00e4ngen in die Einsatzabteilung<\/strong><\/p>\n\n\n\n<p>Nach zweij\u00e4hriger Zwangspause hatte der Jugendfeuerwehrwart der Jugendfeuerwehr Eystrup und Umgebung Niklas Broschwitz Premiere mit seiner ersten Jahreshauptversammlung. Als G\u00e4ste begr\u00fc\u00dfte er die B\u00fcrgermeister Jost Egen aus Eystrup, und Heiko Lange aus Hassel, sowie aus dem Rathaus den Fachbereichsleiter f\u00fcr Ordnung, Bildung und Soziales Uwe Back und die Sachbearbeiterin Feuerwehr Samantha Lohrberg. Aus Feuerwehrkreisen hie\u00df er den stellvertretenden Gemeindebrandmeister Georg B\u00fchmann, die Ortsbrandmeister Uwe Kardas und Sebastian Rehmstedt, die stellvertretenden Ortsbrandmeister Florian Tote und Markus Frantz, die Kreisjugendfeuerwehrwartin Laura Kottus, die Gemeindefeuerwehrwartin Jessica Eschenhorst sowie seine Vorg\u00e4ngerin Anke Precht willkommen. Patrick Budnik berichtete f\u00fcr die Betreuer und betonte, dass die Coronazwangspause den Dienstbetrieb zwar erheblich eingeschr\u00e4nkt habe, es jedoch noch Dienste wie Ger\u00e4tekunde, den dreiteiligen L\u00f6schangriff, eine Ortsralley, Personensuche mit der W\u00e4rmebildkamera und sportliche Veranstaltungen durchgef\u00fchrt wurden. In seinem Bericht sprach Niklas Broschwitz von weiteren Aktivit\u00e4ten. So wurde die technische Hilfeleistung mit Menschenrettung ge\u00fcbt, ebenso wie ein ABC \u2013 Einsatz, Bekanntgabe der Unfallverh\u00fctungsvorschriften und ein Dienst mit der Bootsgruppe und einer Fahrt mit dem Feuerwehrboot auf der Weser. Au\u00dferdem gab es endlich mal wieder ein \u00dcbernachtungswochenende im Eystruper Ger\u00e4tehaus, welches die Jugendlichen dann aber besonders forderte, da verschiedene Einsatzszenarien abgearbeitet werden mussten. Der H\u00f6hepunkt des Jahres war dann allerdings das Jugendfeuerwehrzeltlager in Wechold. Aus Sicht der Betreuer waren es sehr entspannte Tage, da sich die Jugendlichen sehr pflegeleicht gaben. Weiter berichtete der Jugendwart dar\u00fcber, dass es in diesem Jahr wieder ein Kreisjugendzeltlager geben soll. Stattfinden soll das Ganze vom 07.07. \u2013 16.07.23 in Erichshagen &#8211; W\u00f6lpe. Abschlie\u00dfend bedankte sich Niklas Broschwitz bei den Jugendlichen f\u00fcr ihr Engagement verbunden mit der Bitte ordentlich Werbung f\u00fcr die Aufnahme neuer Mitglieder zu machen. Ein weiterer Dank ging an die Betreuer, bei denen Marten Bischoff als Neuzugang zu verzeichnen war. Bei den Wahlen wurde der stellvertretende Jugendwart Patrick Budnik in seinen Amt best\u00e4tigt, sowie Luca Cordes als Jugendsprecher, Tjark Achmus als stellvertretender Jugendsprecher, Henrike Hoppe als Kassenwartin, Carina Lakemann als stellvertretende Kassenwartin, Nanning Jarecki als Schriftwart, Jonte Jarecki als stellvertretender Schriftwart und Joshua Pelikan und Silas Sp\u00f6ring als Kassenpr\u00fcfer gew\u00e4hlt. Besonders erw\u00e4hnenswert war der n\u00e4chste Tagesordnungspunkt, weil stolze neun Jugendliche (siehe Foto) in die Einsatzabteilungen \u00fcbergeben werden konnten. Einige dieser jungen Kameraden konnten bereits die ersten Lehrg\u00e4nge absolvieren sowie auch erste Einsatzeindr\u00fccke sammeln. Gr\u00fc\u00dfe des Samtgemeindebrandmeisters \u00fcberbrachte dessen Stellvertreter Georg B\u00fchmann und bedankte sich bei Niklas Broschwitz und seinen Betreuern sowie den Jugendfeuerwehrleuten f\u00fcr die geleistete Arbeit in den vergangenen Jahren. Er gab seiner Hoffnung Ausdruck dar\u00fcber, dass es auch in den n\u00e4chsten Jahren genauso erfolgreich weitergehen m\u00f6ge mit dieser doch so wichtigen Aufgabe f\u00fcr die Sicherstellung des Feuerwehrnachwuchses. Als Kreisjugendfeuerwehrwartin \u00fcberbrachte Laura Kottus Gr\u00fc\u00dfe der Kreisjugendfeuerwehr und bedankte sich f\u00fcr die fruchtbare Arbeit bei Betreuern und Jugendlichen. Sein letztes Gru\u00dfwort in dieser Runde richtete dann der scheidende Fachbereichsleiter f\u00fcr Ordnung, Bildung und Soziales Uwe Back an die Versammlung. F\u00fcr 12 Jahre von insgesamt 34 Jahren in dieser Position war er auch f\u00fcr den Bereich der alten Samtgemeinde Eystrup verantwortlich. Feuerwehr ist in seinem Bereich immer ein Punkt gewesen, der ihm stets viel Spa\u00df gemacht habe. Er betonte, dass die Arbeit in den Kinder- und Jugendfeuerwehren h\u00f6chste Anerkennung verdiene und unverzichtbar sei, da sie ein Garant f\u00fcr den Fortbestand des Ehrenamtes Freiwillige Feuerwehr sei. Abschlie\u00dfen gab er bekannt, dass er nach seinem Eintritt in den Ruhestand dem F\u00f6rderkreis der Jugendfeuerwehren beitreten werde.<\/p>\n\n\n\n<p><strong><em>Foto\/Text: F. Brinkmann<\/em><\/strong><\/p>\n","protected":false},"excerpt":{"rendered":"<p>Premiere f\u00fcr den Jugendfeuerwehrwart Stolze Zahl von acht \u00dcberg\u00e4ngen in die Einsatzabteilung Nach zweij\u00e4hriger Zwangspause hatte der Jugendfeuerwehrwart der Jugendfeuerwehr<\/p>\n","protected":false},"author":22,"featured_media":5135,"comment_status":"closed","ping_status":"closed","sticky":false,"template":"","format":"standard","meta":{"colormag_page_container_layout":"default_layout","colormag_page_sidebar_layout":"default_layout","footnotes":""},"categories":[30,91,65,68],"tags":[],"class_list":["post-5134","post","type-post","status-publish","format-standard","has-post-thumbnail","hentry","category-allgemein","category-eystrup-aktuell","category-jf-eystrup-und-umgebung","category-stuetzpunkt-eystrup"],"_links":{"self":[{"href":"https:\/\/ff-sghoya.de\/index.php?rest_route=\/wp\/v2\/posts\/5134","targetHints":{"allow":["GET"]}}],"collection":[{"href":"https:\/\/ff-sghoya.de\/index.php?rest_route=\/wp\/v2\/posts"}],"about":[{"href":"https:\/\/ff-sghoya.de\/index.php?rest_route=\/wp\/v2\/types\/post"}],"author":[{"embeddable":true,"href":"https:\/\/ff-sghoya.de\/index.php?rest_route=\/wp\/v2\/users\/22"}],"replies":[{"embeddable":true,"href":"https:\/\/ff-sghoya.de\/index.php?rest_route=%2Fwp%2Fv2%2Fcomments&post=5134"}],"version-history":[{"count":1,"href":"https:\/\/ff-sghoya.de\/index.php?rest_route=\/wp\/v2\/posts\/5134\/revisions"}],"predecessor-version":[{"id":5136,"href":"https:\/\/ff-sghoya.de\/index.php?rest_route=\/wp\/v2\/posts\/5134\/revisions\/5136"}],"wp:featuredmedia":[{"embeddable":true,"href":"https:\/\/ff-sghoya.de\/index.php?rest_route=\/wp\/v2\/media\/5135"}],"wp:attachment":[{"href":"https:\/\/ff-sghoya.de\/index.php?rest_route=%2Fwp%2Fv2%2Fmedia&parent=5134"}],"wp:term":[{"taxonomy":"category","embeddable":true,"href":"https:\/\/ff-sghoya.de\/index.php?rest_route=%2Fwp%2Fv2%2Fcategories&post=5134"},{"taxonomy":"post_tag","embeddable":true,"href":"https:\/\/ff-sghoya.de\/index.php?rest_route=%2Fwp%2Fv2%2Ftags&post=5134"}],"curies":[{"name":"wp","href":"https:\/\/api.w.org\/{rel}","templated":true}]}}