{"id":4771,"date":"2022-06-16T18:00:00","date_gmt":"2022-06-16T16:00:00","guid":{"rendered":"https:\/\/ff-sghoya.de\/?p=4771"},"modified":"2022-06-23T11:52:13","modified_gmt":"2022-06-23T09:52:13","slug":"ernennung-verabschiedung","status":"publish","type":"post","link":"https:\/\/ff-sghoya.de\/?p=4771","title":{"rendered":"Ernennung\/Verabschiedung"},"content":{"rendered":"\n<figure class=\"wp-block-image size-full is-resized\"><img loading=\"lazy\" decoding=\"async\" src=\"https:\/\/ff-sghoya.de\/wp-content\/uploads\/2022\/06\/20220616_Hoya_Ernennung.jpg\" alt=\"\" class=\"wp-image-4772\" width=\"511\" height=\"340\" srcset=\"https:\/\/ff-sghoya.de\/wp-content\/uploads\/2022\/06\/20220616_Hoya_Ernennung.jpg 1021w, https:\/\/ff-sghoya.de\/wp-content\/uploads\/2022\/06\/20220616_Hoya_Ernennung-768x511.jpg 768w\" sizes=\"auto, (max-width: 511px) 100vw, 511px\" \/><figcaption>hintere Reihe, von links: Bianca Meier, Samantha Lohrberg und Samtgemeindeb\u00fcrgermeister Detlef Meyer, sowie vorne, von inks: Petra Guder, Wilfried G\u00fctz, Mario Kramer und Gemeindebrandmeister Carsten Meyer<\/figcaption><\/figure>\n\n\n\n<p><strong>Neue Leitung der Feuerwehr Hoya offiziell ernannt<\/strong><\/p>\n\n\n\n<p>W\u00e4hrend einer kleinen Feierstunde im Rathaus Hoya wurde nun die Leitung der St\u00fctzpunktwehr Hoya offiziell ernannt, beziehungsweise aus ihren \u00c4mtern verabschiedet. Nachdem sein Amt im April ausgelaufen war und er sich bei der Versammlung der Freieilligen Feuerwehr Hoya nicht wieder zur Wahl gestellt hatte, bekam Wilfried G\u00fctz nach achtzehn Jahren im Amt des Ortsbrandmeisters von Hoya seine Entlassungsurkunde aus Ehrenbeamtenverh\u00e4ltnis \u00fcberreicht. Samtgemeindeb\u00fcrgermeister Detlef Meyer, Gemeindebrandmeister Carsten Meyer, sowie Bianca Meier und Samantha Lohrberg von der Samtgemeindeverwaltung sprachen ihm viel Dank und Anerkennung f\u00fcr seine treuen Dienste aus, f\u00fcr sein au\u00dferordentliches Wirken nicht nur w\u00e4hrend seiner Amtszeit als Ortsbrandmeister, in der Zeit davor war er bereits sechs Jahre stellvertretender Ortsbrandmeister, ist seit insgesamt f\u00fcnfzig Jahren in der Feuerwehr, wovon sich Wilfried G\u00fctz allein fast vierzig Jahre im Ortskommando der Feuerwehr Hoya engagiert hat. In dieser Zeit hat er viel entwickelt, umgesetzt und mit viel Herzblut alles hervorragend gemanagt. Ebenfalls zun\u00e4chst aus ihrem Amt als stellvertretende Ortsbrandmeisterin entlassen, wurde Petra Guder im n\u00e4chsten Moment wieder zur neuen Ortsbrandmeisterin ernannt. Da er zum ersten Mal in das Ehrenbeamtenverh\u00e4ltnis berufen wurde, musste ihr Stellvertreter Mario Kramer zu seiner Ernennung den Amtseid ablegen, seine Amtspflichten gewissenhaft zu erf\u00fcllen. Die G\u00e4ste gratulierten den beiden neu ernannten und w\u00fcnschten eine gute Zusammenarbeit und eine gl\u00fcckliche Hand bei der F\u00fchrung des St\u00fctzpunkt Hoya. Wilfried G\u00fctz bedankte sich zudem f\u00fcr die sch\u00f6ne Zeit und die gute Unterst\u00fctzung durch den Rat und Verwaltung der Samtgemeinde und w\u00fcnschte sich das auch seinen Nachfolgern Petra und Mario das gleiche Vertrauen entgegengebracht wird.<\/p>\n\n\n\n<p><strong>Text und Foto: M. Thiermann<\/strong><\/p>\n","protected":false},"excerpt":{"rendered":"<p>Neue Leitung der Feuerwehr Hoya offiziell ernannt W\u00e4hrend einer kleinen Feierstunde im Rathaus Hoya wurde nun die Leitung der St\u00fctzpunktwehr<\/p>\n","protected":false},"author":22,"featured_media":4772,"comment_status":"closed","ping_status":"closed","sticky":false,"template":"","format":"standard","meta":{"colormag_page_container_layout":"default_layout","colormag_page_sidebar_layout":"default_layout","footnotes":""},"categories":[30,39,72],"tags":[],"class_list":["post-4771","post","type-post","status-publish","format-standard","has-post-thumbnail","hentry","category-allgemein","category-hoya","category-stuetzpunkt-hoya"],"_links":{"self":[{"href":"https:\/\/ff-sghoya.de\/index.php?rest_route=\/wp\/v2\/posts\/4771","targetHints":{"allow":["GET"]}}],"collection":[{"href":"https:\/\/ff-sghoya.de\/index.php?rest_route=\/wp\/v2\/posts"}],"about":[{"href":"https:\/\/ff-sghoya.de\/index.php?rest_route=\/wp\/v2\/types\/post"}],"author":[{"embeddable":true,"href":"https:\/\/ff-sghoya.de\/index.php?rest_route=\/wp\/v2\/users\/22"}],"replies":[{"embeddable":true,"href":"https:\/\/ff-sghoya.de\/index.php?rest_route=%2Fwp%2Fv2%2Fcomments&post=4771"}],"version-history":[{"count":1,"href":"https:\/\/ff-sghoya.de\/index.php?rest_route=\/wp\/v2\/posts\/4771\/revisions"}],"predecessor-version":[{"id":4773,"href":"https:\/\/ff-sghoya.de\/index.php?rest_route=\/wp\/v2\/posts\/4771\/revisions\/4773"}],"wp:featuredmedia":[{"embeddable":true,"href":"https:\/\/ff-sghoya.de\/index.php?rest_route=\/wp\/v2\/media\/4772"}],"wp:attachment":[{"href":"https:\/\/ff-sghoya.de\/index.php?rest_route=%2Fwp%2Fv2%2Fmedia&parent=4771"}],"wp:term":[{"taxonomy":"category","embeddable":true,"href":"https:\/\/ff-sghoya.de\/index.php?rest_route=%2Fwp%2Fv2%2Fcategories&post=4771"},{"taxonomy":"post_tag","embeddable":true,"href":"https:\/\/ff-sghoya.de\/index.php?rest_route=%2Fwp%2Fv2%2Ftags&post=4771"}],"curies":[{"name":"wp","href":"https:\/\/api.w.org\/{rel}","templated":true}]}}