{"id":4713,"date":"2022-04-29T19:00:00","date_gmt":"2022-04-29T17:00:00","guid":{"rendered":"https:\/\/ff-sghoya.de\/?p=4713"},"modified":"2022-05-09T11:33:48","modified_gmt":"2022-05-09T09:33:48","slug":"jhv-eystrup","status":"publish","type":"post","link":"https:\/\/ff-sghoya.de\/?p=4713","title":{"rendered":"JHV Eystrup"},"content":{"rendered":"\n<figure class=\"wp-block-image size-full is-resized\"><img loading=\"lazy\" decoding=\"async\" src=\"https:\/\/ff-sghoya.de\/wp-content\/uploads\/2022\/05\/20220429_Eystrup_JHV.jpg\" alt=\"\" class=\"wp-image-4714\" width=\"511\" height=\"340\" srcset=\"https:\/\/ff-sghoya.de\/wp-content\/uploads\/2022\/05\/20220429_Eystrup_JHV.jpg 1021w, https:\/\/ff-sghoya.de\/wp-content\/uploads\/2022\/05\/20220429_Eystrup_JHV-768x511.jpg 768w\" sizes=\"auto, (max-width: 511px) 100vw, 511px\" \/><figcaption>Die geehrten und gew\u00e4hlten mit Ortsbrandmeister Uwe Kardas (2. von rechts), dem neuen stellvertretenden Ortsbrandmeister Jan Brinkmann (6. von rechts) und Gemeindebrandmeister Carsten Meyer (rechts)<\/figcaption><\/figure>\n\n\n\n<p><strong>Trotz Einschr\u00e4nkungen alle Eins\u00e4tze routiniert abgearbeitet<\/strong><\/p>\n\n\n\n<p>Zu ihrer Jahreshauptversammlung kamen jetzt auch die Mitglieder der Freiwilligen Feuerwehr Eystrup im Gasthaus Parrmann zusammen. Die St\u00fctzpunktwehr besteht aktuell aus neunundvierzig Aktiven, zwanzig Alterskameraden und zweihundertzw\u00f6lf F\u00f6rdermitgliedern. Zu den Eins\u00e4tzen geh\u00f6rten zweiundvierzig im Jahr 2021, darunter elf Brandeins\u00e4tze, sechs Vorsorgealarme und f\u00fcnfundzwanzig technische Hilfeleistungen, wie Tragehilfen und T\u00fcr\u00f6ffnungen f\u00fcr den Rettungsdienst. Auch in diesem Jahr r\u00fcckten die Ehrenamtlichen bereits zu neun technischen Hilfeleistungen, zwei Fehlalarmen und acht Sturmeins\u00e4tzen bei dem heftigen Orkan im Februar aus. Einen nicht allt\u00e4glichen Einsatz gab es zudem im April dieses Jahres, den \u00dcberraschungseinsatz zu Fietze Brinkmanns 67. Geburtstag, der sich f\u00fcr die gelungene Aktion bei der Versammlung noch mal ausdr\u00fccklich bedankte. Zu den absolvierten Lehrg\u00e4ngen geh\u00f6rten drei Truppmann-1-Ausbildungen, sowie zwei Sprechfunkerlehrg\u00e4nge. Das Ortskommando hat an einigen Besprechungen zum Neubau des Feuerwehrhauses, sowie den Fahrzeugbeschaffungen des TLF 3000 und LF 20 teilgenommen, die Lieferzeiten f\u00fcr die Fahrzeuge betragen jedoch momentan zwei Jahre. Gruppenf\u00fchrer Ralf Lange und Ortsbrandmeister Uwe Kardas bedankten sich bei ihren Kameraden und lobten den verantwortungsvollen Umgang mit der Pandemie, denn die letzten zwei Jahre waren mit den Lockdowns, Masken tragen und wesentlich weniger Ausbildungs- und \u00dcbungsdienste, die in dieser Zeit, wenn \u00fcberhaupt m\u00f6glich nur in kleineren Gruppen stattfinden konnten, eine schwierige Zeit. Alle Eins\u00e4tze konnten trotz der Einschr\u00e4nkungen aber sehr routiniert abgearbeitet werden. Da die Wettbewerbe ausfielen, veranstalteten die beiden Wettbewerbsgruppen der Feuerwehr Eystrup im letzten Sommer einen internen Wettbewerb. In weiteren Jahresr\u00fcckblicken berichteten Gerhard Bergmann-Kramer das im vergangenen Jahr nur sieben Treffen der Alterskameraden m\u00f6glich waren, in diesem Jahr soll es aber wieder die beliebten Ausfl\u00fcge, die Tagesfahrt und die Drei-Tages-Tour der Samtgemeindealterskameradschaft geben. Sylvia Lepakowski sucht dringend Unterst\u00fctzung f\u00fcr ihr Brandschutzerzieherteam, die an der Gretel-Bergmann-Grundschule im vergangenen Jahr die Brandschutzerziehung bei f\u00fcnfunddrei\u00dfig Kindern durchgef\u00fchrt haben, in diesem Jahr waren es aber mit sechsundsechzig Sch\u00fclern wesentlich mehr. Kinderfeuerwehrwartin der L\u00f6schkids Ilka Hoppe berichtete von derzeit sechsunddrei\u00dfig Mitgliedern, die bei den abwechslungsreichen Diensten unter anderem hundertachtzig Schutzengel f\u00fcr die aktiven Mitglieder der zugeh\u00f6rigen Ortswehren Eystrup, Hassel, H\u00e4melhausen und Gandesbergen gebastelt hatten. Niklas Broschwitz, Jugendwart der Jugendfeuerwehr \u201eEystrup und Umzu\u201c betreut mit seinem Team derzeit zweiundzwanzig Jugendliche, die nach den harten Einschr\u00e4nkungen der letzten zwei Jahre und die ausgefallenen Zeltlager der Kreisjugendfeuerwehr in diesem Jahr ein kleines Zeltlager in Wechold erwartet, an dem nur die vier Jugendwehren aus der Samtgemeinde Grafschaft Hoya teilnehmen. Er appellierte allerdings, die Werbetrommel zu r\u00fchren und Jugendliche anzusprechen in der Feuerwehr mitzumachen. Trotz der Pandemie konnte die Feuerwehr Eystrup bei der Versammlung mit Till Grimmelmann, Simon Evers und Hajo Hestermann drei neue Mitglieder in ihren Reihen aufnehmen. Jedoch mussten sie sich von Ralf Schrader als stellvertretendem Ortsbrandmeister verabschieden, der sich nach zw\u00f6lf Jahren im Amt nicht wieder zur Wahl stellte. Als neuer stellvertretender Ortsbrandmeister wurde Jan Brinkmann gew\u00e4hlt. Sowie in weiteren \u00c4mtern Patrick Kather, Ralf Lange, Niklas Broschwitz und Arne Brinkmann zu Gruppenf\u00fchrern, Arne Brinkmann als Ger\u00e4tewart, Simon Bockhardt als stellvertretender Ger\u00e4tewart, Kirsten Brinkmann als Schriftwartin, Nicole Zimmermann als stellvertretende Schriftwartin, Tamara Kather, Patrick Budnik, Jonathan Lange und Anne Ahrens als Festausschuss und Henrik Niemeyer als Kassenpr\u00fcfer. Beim Tagesordnungspunkt \u201eEhrungen\u201c konnte f\u00fcr insgesamt 170 Jahre ehrenamtliches Engagement in der Feuerwehr geehrt werden: Monika M\u00fcller, Sylvia Lepakowski und Kirsten Brinkmann f\u00fcr jeweils 25 Jahre, sowie Harald Schrader, Uwe F\u00fcrst und Uwe Kardas f\u00fcr jeweils 40 Jahre. Gemeindebrandmeister Carsten Meyer berichtete \u00fcber Sorgen in den Jugendfeuerwehren, denn es sind viele in die Freiwilligen Feuerwehren \u00fcbergegangen, durch die Pandemie kam allerdings nichts nach, wodurch ein Minus von f\u00fcnfundzwanzig Prozent an Mitgliedern entstanden ist. Auch Leistungswettbewerbe der Einsatzabteilungen wird es in diesem Jahr nicht geben, um die Zeit zu nutzen, um Ausbildungsdienste nachzuholen, daf\u00fcr sind im September Alterswettbewerbe in Schweringen geplant. An Sonderausbildungen soll es im September zudem eine zweite Version der Hei\u00dfausbildung f\u00fcr die Atemschutzger\u00e4tetr\u00e4ger geben, sowie wie f\u00fcr die Feuerwehren B\u00fccken und Eystrup nach der technischen Hilfeleistungsausbildung zum Thema \u201ePKW\u201c, nun auch zum Thema \u201eLKW\u201c, um auch hier zu schulen wie am besten mit Schere und Spreizer schnell und effektiv gearbeitet wird. Weitere Gru\u00dfworte der G\u00e4ste wurden von Wilhelm Bergmann-Kramer im Namen von Samtgemeindeb\u00fcrgermeister Detlef Meyer, dem stellvertretenden B\u00fcrgermeister von Eystrup Carsten Broschwitz, Samantha Lohrberg vom Fachbereich B\u00fcrgerservice und Stefan Evensen, dem Leiter der Polizei Eystrup \u00fcberbracht, die sich f\u00fcr das ehrenamtliche Engagement bedankten.<\/p>\n","protected":false},"excerpt":{"rendered":"<p>Trotz Einschr\u00e4nkungen alle Eins\u00e4tze routiniert abgearbeitet Zu ihrer Jahreshauptversammlung kamen jetzt auch die Mitglieder der Freiwilligen Feuerwehr Eystrup im Gasthaus<\/p>\n","protected":false},"author":22,"featured_media":4714,"comment_status":"closed","ping_status":"closed","sticky":false,"template":"","format":"standard","meta":{"colormag_page_container_layout":"default_layout","colormag_page_sidebar_layout":"default_layout","footnotes":""},"categories":[30,91,68],"tags":[],"class_list":["post-4713","post","type-post","status-publish","format-standard","has-post-thumbnail","hentry","category-allgemein","category-eystrup-aktuell","category-stuetzpunkt-eystrup"],"_links":{"self":[{"href":"https:\/\/ff-sghoya.de\/index.php?rest_route=\/wp\/v2\/posts\/4713","targetHints":{"allow":["GET"]}}],"collection":[{"href":"https:\/\/ff-sghoya.de\/index.php?rest_route=\/wp\/v2\/posts"}],"about":[{"href":"https:\/\/ff-sghoya.de\/index.php?rest_route=\/wp\/v2\/types\/post"}],"author":[{"embeddable":true,"href":"https:\/\/ff-sghoya.de\/index.php?rest_route=\/wp\/v2\/users\/22"}],"replies":[{"embeddable":true,"href":"https:\/\/ff-sghoya.de\/index.php?rest_route=%2Fwp%2Fv2%2Fcomments&post=4713"}],"version-history":[{"count":1,"href":"https:\/\/ff-sghoya.de\/index.php?rest_route=\/wp\/v2\/posts\/4713\/revisions"}],"predecessor-version":[{"id":4715,"href":"https:\/\/ff-sghoya.de\/index.php?rest_route=\/wp\/v2\/posts\/4713\/revisions\/4715"}],"wp:featuredmedia":[{"embeddable":true,"href":"https:\/\/ff-sghoya.de\/index.php?rest_route=\/wp\/v2\/media\/4714"}],"wp:attachment":[{"href":"https:\/\/ff-sghoya.de\/index.php?rest_route=%2Fwp%2Fv2%2Fmedia&parent=4713"}],"wp:term":[{"taxonomy":"category","embeddable":true,"href":"https:\/\/ff-sghoya.de\/index.php?rest_route=%2Fwp%2Fv2%2Fcategories&post=4713"},{"taxonomy":"post_tag","embeddable":true,"href":"https:\/\/ff-sghoya.de\/index.php?rest_route=%2Fwp%2Fv2%2Ftags&post=4713"}],"curies":[{"name":"wp","href":"https:\/\/api.w.org\/{rel}","templated":true}]}}