{"id":4708,"date":"2022-04-22T19:00:00","date_gmt":"2022-04-22T17:00:00","guid":{"rendered":"https:\/\/ff-sghoya.de\/?p=4708"},"modified":"2022-05-02T12:20:10","modified_gmt":"2022-05-02T10:20:10","slug":"jhv-hoya","status":"publish","type":"post","link":"https:\/\/ff-sghoya.de\/?p=4708","title":{"rendered":"JHV Hoya"},"content":{"rendered":"\n<figure class=\"wp-block-image size-full is-resized\"><img loading=\"lazy\" decoding=\"async\" src=\"https:\/\/ff-sghoya.de\/wp-content\/uploads\/2022\/05\/20220422_Hoya_JHV_01.jpg\" alt=\"\" class=\"wp-image-4709\" width=\"511\" height=\"340\" srcset=\"https:\/\/ff-sghoya.de\/wp-content\/uploads\/2022\/05\/20220422_Hoya_JHV_01.jpg 1021w, https:\/\/ff-sghoya.de\/wp-content\/uploads\/2022\/05\/20220422_Hoya_JHV_01-768x511.jpg 768w\" sizes=\"auto, (max-width: 511px) 100vw, 511px\" \/><\/figure>\n\n\n\n<figure class=\"wp-block-image size-full is-resized\"><img loading=\"lazy\" decoding=\"async\" src=\"https:\/\/ff-sghoya.de\/wp-content\/uploads\/2022\/05\/20220422_Hoya_JHV_02.jpg\" alt=\"\" class=\"wp-image-4710\" width=\"340\" height=\"511\"\/><\/figure>\n\n\n\n<p><strong>Petra Guder und Mario Kramer \u00fcbernehmen die F\u00fchrung der Feuerwehr Hoya<\/strong><\/p>\n\n\n\n<p>Zu ihrer Jahreshauptversammlung kamen jetzt die aktiven Mitglieder und Alterskameraden der St\u00fctzpunktwehr Hoya im Feuerwehrhaus in Hoya zusammen. Ortsbrandmeister Wilfried G\u00fctz begr\u00fc\u00dfte hierzu auch G\u00e4ste aus Feuerwehr und Politik und f\u00fchrte an dem Abend durch seine letzte Jahreshauptversammlung, denn er stellte sich nach achtzehn Jahren Ortsbrandmeisteramt nicht wieder zur Wahl. Zu der Wehr geh\u00f6ren aktuell neunundf\u00fcnfzig Kameraden in der Einsatzabteilung, f\u00fcnfzehn Alterskameraden und hundertsechsundneunzig F\u00f6rdermitglieder. In den Jahresr\u00fcckblicken blickten Wilfried G\u00fctz und seine Stellvertreterin Petra Guder auf f\u00fcnfzig Eins\u00e4tze, darunter siebzehn Brand- und achtundzwanzig technische Hilfeleistungseins\u00e4tze im Jahr 2020, sowie neunundvierzig Eins\u00e4tze mit f\u00fcnfzehn Br\u00e4nden und sechsundzwanzig technischen Hilfeleistungen in 2021 zur\u00fcck. Sie bedankten sich bei ihren Mitgliedern f\u00fcr die geleistete Arbeit und ihr Durchhalteverm\u00f6gen der letzten beiden schwierigen Jahre durch die Coronapandemie. Mitte Februar 2020 musste der Dienstbetrieb eingestellt werden und wurde allm\u00e4hlich auf Onlinedienste umgestellt, auch bei den Eins\u00e4tzen war es nicht leicht mit dem Maske tragen unter k\u00f6rperlicher Belastung, die Fahrzeuge konnten zeitweise nicht komplett besetzt werden, um Abstand zu halten, zwischen den Lockdowns Dienste in kleineren Gruppen, um die Wehr stets einsatzbereit zu halten. Durch das \u201eSchreckgespenst Corona\u201c und die dadurch ausbleibenden Dienste litten auch die Kinder- und die Jugendfeuerwehr Hoya und verloren merklich Mitglieder, die in Zukunft in der Einsatzabteilung fehlen werden. Zudem der An- und Umbau des Feuerwehrhauses, wo die Ehrenamtlichen tatkr\u00e4ftig unterst\u00fctzten, auch mit h\u00e4ufigem Umr\u00e4umen konnte stets schnell und unkompliziert reagiert werden. Ende 2020 konnten dann bereits erste Teilbereiche des Anbaus in Betrieb genommen werden. Auch die Fahrzeugbeschaffung ging voran und das neue LF 20 wird nun voraussichtlich in der zweiten Jahresh\u00e4lfte an die Ortswehr ausgeliefert. Auch ein Gelenkmast und Drehleiter konnten in 2021 in Hoya getestet werden, um in Hinblick auf die Anschaffung einer Drehleiter zu vergleichen was in Hoya besser einsetzbar ist. Mit dem Abschluss der Bauma\u00dfnahmen und dem endg\u00fcltigen Einzug in den Anbau gab es Anfang 2021 von der Kinderfeuerwehr gebastelte Schutzengel f\u00fcr die Spinde der Einsatzabteilung. Neben R\u00fcckblicken standen aber auch Wahlen, Bef\u00f6rderungen, Ernennungen und Ehrungen f\u00fcr ganze 265 Jahre auf der Tagesordnung. Die derzeitige Stellvertreterin Petra Guder wurde zur neuen Ortsbrandmeisterin gew\u00e4hlt, sowie Mario Kramer zum neuen stellvertretenden Ortsbrandmeister. Zum Kassenpr\u00fcfer wurde Malte Haasner von der Versammlung bestimmt. Bef\u00f6rdert wurden Henning Grie\u00df, Kilian B\u00fchler, Malte Haasner und Leon Huber zum Feuerwehrmann, sowie Mario Hatesohl zum Hauptfeuerwehrmann. Nach ihrer Wahl bei einer Dienstversammlung Ende letzten Jahres wurden auch die Funktionstr\u00e4ger offiziell ernannt: Nils Trumpke und Oliver Endres zum Gruppenf\u00fchrer, Carsten R\u00f6pe und Detlef Kuhlmann zum stellvertretenden Gruppenf\u00fchrer, Florian Endres zum Atemschutzbeauftragtem, Carsten R\u00f6pe zum Funkwart, Thomas Guder zum Schriftwart, Ralph St\u00f6hr zum Jugendfeuerwehrwart und Nadine Altenau zur Kinderfeuerwehrwartin. Verabschiedet wurde Markus Finkbeiner aus dem Amt des stellvertretenden Gruppenf\u00fchrers, er wird in Zukunft die Zusatzausbildung im Bereich \u201etechnische Hilfeleistungen\u201c \u00fcbernehmen. Geehrt wurde insgesamt f\u00fcr 265 Jahre: Ralf von Weyhe, Guntram Borgmann und Ren\u00e8 Altenau f\u00fcr 25 Jahre, Ewald Radeke f\u00fcr 40 Jahre, sowie Gerd Pfeiffer, Dietfried R\u00f6pe und Peter Bracht f\u00fcr stolze 50 Jahre. F\u00fcr sein unerm\u00fcdliches Engagement in der Feuerwehr Hoya bekam J\u00fcrgen Meschke au\u00dferdem die Ehrennadel des Landesfeuerwehrverbands Niedersachsen in Bronze verliehen. Eine Verabschiedung folgt in K\u00fcrze noch, denn nach fast f\u00fcnfzig Jahren in der Feuerwehr, sechsunddrei\u00dfig Jahren im Ortskommando der St\u00fctzpunktwehr, wovon er die Wehr achtzehn Jahre als Ortsbrandmeister geleitet hat und in dieser Zeit viel bewirkt hat, wie die gesamte Erneuerung des Fuhrparks und unter anderem viel Herzblut in die Planungen des Anbaus gesteckt hat, wollen seine Kameraden Wilfried G\u00fctz nicht einfach so gehen lassen und \u00fcbergaben ihm eine Einladung zu einem \u201eWilli-Wohlf\u00fchltag\u201c. F\u00fcr seine letzte Jahreshauptversammlung hatten sie ihm zudem einem Thron, unter anderem bestehend aus Schlauchbr\u00fccken und Feuerwehrstiefeln gebaut. Auch bei den Gru\u00dfworten der G\u00e4ste ging viel Lob und Dank an Wilfried G\u00fctz, der die Ortswehr mit seinem Engagement sehr gepr\u00e4gt hat. Der stellvertretende B\u00fcrgermeister der Stadt Hoya Fritz Gro\u00df \u00fcberbrachte zudem Gr\u00fc\u00dfe des Stadtrates. Auch Samtgemeindeb\u00fcrgermeister Detlef Meyer und Gemeindebrandmeister Carsten Meyer dankten der Feuerwehr Hoya f\u00fcr ihre Einsatzbereitschaft in den schwierigen letzten beiden Jahren, in denen vieles aufgrund der Pandemie auf der Strecke geblieben ist und gratulierten den geehrten und bef\u00f6rderten und w\u00fcnschten der neuen Leitung der Wehr Petra Guder, die als erste Frau eine St\u00fctzpunktwehr leiten wird und ihrem Stellvertreter Mario Kramer eine gl\u00fcckliche Hand. Detlef Meyer informierte zudem dar\u00fcber das im Rahmen eines Feuerwehr-Hilfsprojektes ausrangierte und nicht ben\u00f6tigte Einsatzkleidung aus der Samtgemeindefeuerwehr in die Ukraine gespendet wurde. Ortsbrandmeister der Feuerwehr Mehringen, Bernd Pfeiffer, bedankte sich au\u00dferdem f\u00fcr die Unterst\u00fctzung von Wilfried G\u00fctz und der gesamten Feuerwehr Hoya und die tolle Aufnahme im Feuerwehrhaus \u201eWie haben uns hier von Anfang an sehr wohl gef\u00fchlt\u201c.<\/p>\n","protected":false},"excerpt":{"rendered":"<p>Petra Guder und Mario Kramer \u00fcbernehmen die F\u00fchrung der Feuerwehr Hoya Zu ihrer Jahreshauptversammlung kamen jetzt die aktiven Mitglieder und<\/p>\n","protected":false},"author":22,"featured_media":4709,"comment_status":"closed","ping_status":"closed","sticky":false,"template":"","format":"standard","meta":{"colormag_page_container_layout":"default_layout","colormag_page_sidebar_layout":"default_layout","footnotes":""},"categories":[30,39,72],"tags":[],"class_list":["post-4708","post","type-post","status-publish","format-standard","has-post-thumbnail","hentry","category-allgemein","category-hoya","category-stuetzpunkt-hoya"],"_links":{"self":[{"href":"https:\/\/ff-sghoya.de\/index.php?rest_route=\/wp\/v2\/posts\/4708","targetHints":{"allow":["GET"]}}],"collection":[{"href":"https:\/\/ff-sghoya.de\/index.php?rest_route=\/wp\/v2\/posts"}],"about":[{"href":"https:\/\/ff-sghoya.de\/index.php?rest_route=\/wp\/v2\/types\/post"}],"author":[{"embeddable":true,"href":"https:\/\/ff-sghoya.de\/index.php?rest_route=\/wp\/v2\/users\/22"}],"replies":[{"embeddable":true,"href":"https:\/\/ff-sghoya.de\/index.php?rest_route=%2Fwp%2Fv2%2Fcomments&post=4708"}],"version-history":[{"count":2,"href":"https:\/\/ff-sghoya.de\/index.php?rest_route=\/wp\/v2\/posts\/4708\/revisions"}],"predecessor-version":[{"id":4712,"href":"https:\/\/ff-sghoya.de\/index.php?rest_route=\/wp\/v2\/posts\/4708\/revisions\/4712"}],"wp:featuredmedia":[{"embeddable":true,"href":"https:\/\/ff-sghoya.de\/index.php?rest_route=\/wp\/v2\/media\/4709"}],"wp:attachment":[{"href":"https:\/\/ff-sghoya.de\/index.php?rest_route=%2Fwp%2Fv2%2Fmedia&parent=4708"}],"wp:term":[{"taxonomy":"category","embeddable":true,"href":"https:\/\/ff-sghoya.de\/index.php?rest_route=%2Fwp%2Fv2%2Fcategories&post=4708"},{"taxonomy":"post_tag","embeddable":true,"href":"https:\/\/ff-sghoya.de\/index.php?rest_route=%2Fwp%2Fv2%2Ftags&post=4708"}],"curies":[{"name":"wp","href":"https:\/\/api.w.org\/{rel}","templated":true}]}}