{"id":4634,"date":"2022-03-06T18:07:00","date_gmt":"2022-03-06T17:07:00","guid":{"rendered":"https:\/\/ff-sghoya.de\/?p=4634"},"modified":"2024-10-21T21:17:19","modified_gmt":"2024-10-21T19:17:19","slug":"vu-eitzendorf","status":"publish","type":"post","link":"https:\/\/ff-sghoya.de\/?p=4634","title":{"rendered":"VU Eitzendorf"},"content":{"rendered":"\n<figure class=\"wp-block-gallery has-nested-images columns-default is-cropped wp-block-gallery-1 is-layout-flex wp-block-gallery-is-layout-flex\">\n<figure class=\"wp-block-image size-large\"><a href=\"https:\/\/ff-sghoya.de\/wp-content\/uploads\/2022\/03\/20220306_Eitzendorf_VU_01.jpg\"><img loading=\"lazy\" decoding=\"async\" width=\"1021\" height=\"680\" data-id=\"4635\" src=\"https:\/\/ff-sghoya.de\/wp-content\/uploads\/2022\/03\/20220306_Eitzendorf_VU_01.jpg\" alt=\"\" class=\"wp-image-4635\" srcset=\"https:\/\/ff-sghoya.de\/wp-content\/uploads\/2022\/03\/20220306_Eitzendorf_VU_01.jpg 1021w, https:\/\/ff-sghoya.de\/wp-content\/uploads\/2022\/03\/20220306_Eitzendorf_VU_01-768x511.jpg 768w\" sizes=\"auto, (max-width: 1021px) 100vw, 1021px\" \/><\/a><\/figure>\n\n\n\n<figure class=\"wp-block-image size-large\"><a href=\"https:\/\/ff-sghoya.de\/wp-content\/uploads\/2022\/03\/20220306_Eitzendorf_VU_02.jpg\"><img loading=\"lazy\" decoding=\"async\" width=\"1021\" height=\"680\" data-id=\"4636\" src=\"https:\/\/ff-sghoya.de\/wp-content\/uploads\/2022\/03\/20220306_Eitzendorf_VU_02.jpg\" alt=\"\" class=\"wp-image-4636\" srcset=\"https:\/\/ff-sghoya.de\/wp-content\/uploads\/2022\/03\/20220306_Eitzendorf_VU_02.jpg 1021w, https:\/\/ff-sghoya.de\/wp-content\/uploads\/2022\/03\/20220306_Eitzendorf_VU_02-768x511.jpg 768w\" sizes=\"auto, (max-width: 1021px) 100vw, 1021px\" \/><\/a><\/figure>\n<\/figure>\n\n\n\n<p><strong>Fahrer hat einen gro\u00dfen Schutzengel<\/strong><\/p>\n\n\n\n<p>Zu einem Verkehrsunfall wurden am Sonntagabend um 18:07 Uhr die Freiwilligen Feuerwehren aus Eitzendorf, Wienbergen, Magelsen und B\u00fccken, sowie jeweils ein Rettungswagen und Notarztwagen des Arbeiter-Samariter-Bund aus Hoya zur K 142 in Eitzendorf alarmiert. Ein Audifahrer erlitt w\u00e4hrend der Fahrt einen epileptischen Anfall und kam von der Stra\u00dfe ab, wobei er mit der Beifahrerseite des Wagens einen Baum retuschierte und dann auf einem Feld zum Stehen kam. Drei Zeugen, die den Unfall mitbekommen hatten, setzten den Notruf ab. Sie kamen allerdings zun\u00e4chst nicht an den krampfenden, nicht ansprechbaren Fahrer heran, da sich der Wagen verriegelt hatte. Der Fahrer hatte aber offensichtlich einen gro\u00dfen Schutzengel, nicht nur dass er den Baum zum Gl\u00fcck nur gestreift hatte, er kam noch vor Eintreffen der zahlreichen Rettungskr\u00e4fte wieder zu sich und konnte eigenst\u00e4ndig das Auto verlassen. Er wurde vorsichtshalber in ein Krankenhaus gebracht. An dem Fahrzeug entstanden durch den Baum einige Kratzer an der Beifahrerseite, sowie ein abgebrochener Seitenspiegel, er konnte von Angeh\u00f6rigen vom Feld gefahren werden. Die Kreisstra\u00dfe wurde f\u00fcr die Zeit des Einsatzes f\u00fcr die Rettungsfahrzeuge von der Feuerwehr Eitzendorf halbseitig abgesperrt.<\/p>\n","protected":false},"excerpt":{"rendered":"<p>Fahrer hat einen gro\u00dfen Schutzengel Zu einem Verkehrsunfall wurden am Sonntagabend um 18:07 Uhr die Freiwilligen Feuerwehren aus Eitzendorf, Wienbergen,<\/p>\n","protected":false},"author":22,"featured_media":4635,"comment_status":"closed","ping_status":"closed","sticky":false,"template":"","format":"standard","meta":{"colormag_page_container_layout":"default_layout","colormag_page_sidebar_layout":"default_layout","footnotes":""},"categories":[53,31,55,41,70,52],"tags":[],"class_list":["post-4634","post","type-post","status-publish","format-standard","has-post-thumbnail","hentry","category-buecken","category-einsaetze","category-eitzendorf","category-magelsen","category-stuetzpunkt-wienbergen","category-wienbergen"],"_links":{"self":[{"href":"https:\/\/ff-sghoya.de\/index.php?rest_route=\/wp\/v2\/posts\/4634","targetHints":{"allow":["GET"]}}],"collection":[{"href":"https:\/\/ff-sghoya.de\/index.php?rest_route=\/wp\/v2\/posts"}],"about":[{"href":"https:\/\/ff-sghoya.de\/index.php?rest_route=\/wp\/v2\/types\/post"}],"author":[{"embeddable":true,"href":"https:\/\/ff-sghoya.de\/index.php?rest_route=\/wp\/v2\/users\/22"}],"replies":[{"embeddable":true,"href":"https:\/\/ff-sghoya.de\/index.php?rest_route=%2Fwp%2Fv2%2Fcomments&post=4634"}],"version-history":[{"count":1,"href":"https:\/\/ff-sghoya.de\/index.php?rest_route=\/wp\/v2\/posts\/4634\/revisions"}],"predecessor-version":[{"id":4637,"href":"https:\/\/ff-sghoya.de\/index.php?rest_route=\/wp\/v2\/posts\/4634\/revisions\/4637"}],"wp:featuredmedia":[{"embeddable":true,"href":"https:\/\/ff-sghoya.de\/index.php?rest_route=\/wp\/v2\/media\/4635"}],"wp:attachment":[{"href":"https:\/\/ff-sghoya.de\/index.php?rest_route=%2Fwp%2Fv2%2Fmedia&parent=4634"}],"wp:term":[{"taxonomy":"category","embeddable":true,"href":"https:\/\/ff-sghoya.de\/index.php?rest_route=%2Fwp%2Fv2%2Fcategories&post=4634"},{"taxonomy":"post_tag","embeddable":true,"href":"https:\/\/ff-sghoya.de\/index.php?rest_route=%2Fwp%2Fv2%2Ftags&post=4634"}],"curies":[{"name":"wp","href":"https:\/\/api.w.org\/{rel}","templated":true}]}}