{"id":4502,"date":"2021-09-27T17:21:00","date_gmt":"2021-09-27T15:21:00","guid":{"rendered":"https:\/\/ff-sghoya.de\/?p=4502"},"modified":"2024-10-21T21:11:26","modified_gmt":"2024-10-21T19:11:26","slug":"verkehrsunfall-schweringen","status":"publish","type":"post","link":"https:\/\/ff-sghoya.de\/?p=4502","title":{"rendered":"Verkehrsunfall Schweringen"},"content":{"rendered":"\n<figure class=\"wp-block-gallery columns-2 is-cropped wp-block-gallery-1 is-layout-flex wp-block-gallery-is-layout-flex\"><ul class=\"blocks-gallery-grid\"><li class=\"blocks-gallery-item\"><figure><a href=\"https:\/\/ff-sghoya.de\/wp-content\/uploads\/2021\/09\/20210927_Schweringen_VU_01.jpg\"><img loading=\"lazy\" decoding=\"async\" width=\"1021\" height=\"680\" src=\"https:\/\/ff-sghoya.de\/wp-content\/uploads\/2021\/09\/20210927_Schweringen_VU_01.jpg\" alt=\"\" data-id=\"4503\" data-link=\"https:\/\/ff-sghoya.de\/?attachment_id=4503\" class=\"wp-image-4503\" srcset=\"https:\/\/ff-sghoya.de\/wp-content\/uploads\/2021\/09\/20210927_Schweringen_VU_01.jpg 1021w, https:\/\/ff-sghoya.de\/wp-content\/uploads\/2021\/09\/20210927_Schweringen_VU_01-768x511.jpg 768w\" sizes=\"auto, (max-width: 1021px) 100vw, 1021px\" \/><\/a><\/figure><\/li><li class=\"blocks-gallery-item\"><figure><a href=\"https:\/\/ff-sghoya.de\/wp-content\/uploads\/2021\/09\/20210927_Schweringen_VU_02.jpg\"><img loading=\"lazy\" decoding=\"async\" width=\"1021\" height=\"644\" src=\"https:\/\/ff-sghoya.de\/wp-content\/uploads\/2021\/09\/20210927_Schweringen_VU_02.jpg\" alt=\"\" data-id=\"4504\" data-full-url=\"https:\/\/ff-sghoya.de\/wp-content\/uploads\/2021\/09\/20210927_Schweringen_VU_02.jpg\" data-link=\"https:\/\/ff-sghoya.de\/?attachment_id=4504\" class=\"wp-image-4504\" srcset=\"https:\/\/ff-sghoya.de\/wp-content\/uploads\/2021\/09\/20210927_Schweringen_VU_02.jpg 1021w, https:\/\/ff-sghoya.de\/wp-content\/uploads\/2021\/09\/20210927_Schweringen_VU_02-768x484.jpg 768w\" sizes=\"auto, (max-width: 1021px) 100vw, 1021px\" \/><\/a><\/figure><\/li><\/ul><\/figure>\n\n\n\n<p><strong>Auffahrunfall fordert zwei Verletzte<\/strong><\/p>\n\n\n\n<p>\u201eVerkehrsunfall mit eingeklemmter Person\u201c lautete das Einsatzstichwort, unter dem die Ortswehren aus Schweringen und B\u00fccken, sowie die Polizei und der Arbeiter-Samariter-Bund aus Hoya am Montagabend um 17:21 Uhr nach Schweringen alarmiert wurden. Laut Polizei befuhr ein BMW die L 351 von Sebbenhausen kommend, bremste ab, um in Schweringen in den M\u00fchlenweg abzubiegen. Der hinterherfahrende VW Up erkannte dies scheinbar zu sp\u00e4t und fuhr dem BMW auf. Die anf\u00e4ngliche Meldung ein Fahrer sei eingeklemmt best\u00e4tigte sich nicht, beide Fahrer hatten beim Eintreffen der Einsatzkr\u00e4fte ihre Fahrzeuge verlassen. Unter der Einsatzleitung von Holger Preikschat aus Schweringen wurden die nicht mehr fahrt\u00fcchtigen PKW mit Manpower von der Stra\u00dfe geschoben, ausgelaufene Betriebsstoffe abgestreut und die Landesstra\u00dfe von Fahrzeugteilen gereinigt. Zudem wurde der Verkehr f\u00fcr die Dauer des Einsatzes \u00fcber die Weserstra\u00dfe, Dorfstra\u00dfe und Querstra\u00dfe umgeleitet. Die beiden Unfallbeteiligten kamen mit leichten Verletzungen in ein Krankenhaus.<\/p>\n","protected":false},"excerpt":{"rendered":"<p>Auffahrunfall fordert zwei Verletzte \u201eVerkehrsunfall mit eingeklemmter Person\u201c lautete das Einsatzstichwort, unter dem die Ortswehren aus Schweringen und B\u00fccken, sowie<\/p>\n","protected":false},"author":22,"featured_media":4503,"comment_status":"closed","ping_status":"closed","sticky":false,"template":"","format":"standard","meta":{"colormag_page_container_layout":"default_layout","colormag_page_sidebar_layout":"default_layout","footnotes":""},"categories":[53,31,44],"tags":[],"class_list":["post-4502","post","type-post","status-publish","format-standard","has-post-thumbnail","hentry","category-buecken","category-einsaetze","category-schweringen"],"_links":{"self":[{"href":"https:\/\/ff-sghoya.de\/index.php?rest_route=\/wp\/v2\/posts\/4502","targetHints":{"allow":["GET"]}}],"collection":[{"href":"https:\/\/ff-sghoya.de\/index.php?rest_route=\/wp\/v2\/posts"}],"about":[{"href":"https:\/\/ff-sghoya.de\/index.php?rest_route=\/wp\/v2\/types\/post"}],"author":[{"embeddable":true,"href":"https:\/\/ff-sghoya.de\/index.php?rest_route=\/wp\/v2\/users\/22"}],"replies":[{"embeddable":true,"href":"https:\/\/ff-sghoya.de\/index.php?rest_route=%2Fwp%2Fv2%2Fcomments&post=4502"}],"version-history":[{"count":1,"href":"https:\/\/ff-sghoya.de\/index.php?rest_route=\/wp\/v2\/posts\/4502\/revisions"}],"predecessor-version":[{"id":4505,"href":"https:\/\/ff-sghoya.de\/index.php?rest_route=\/wp\/v2\/posts\/4502\/revisions\/4505"}],"wp:featuredmedia":[{"embeddable":true,"href":"https:\/\/ff-sghoya.de\/index.php?rest_route=\/wp\/v2\/media\/4503"}],"wp:attachment":[{"href":"https:\/\/ff-sghoya.de\/index.php?rest_route=%2Fwp%2Fv2%2Fmedia&parent=4502"}],"wp:term":[{"taxonomy":"category","embeddable":true,"href":"https:\/\/ff-sghoya.de\/index.php?rest_route=%2Fwp%2Fv2%2Fcategories&post=4502"},{"taxonomy":"post_tag","embeddable":true,"href":"https:\/\/ff-sghoya.de\/index.php?rest_route=%2Fwp%2Fv2%2Ftags&post=4502"}],"curies":[{"name":"wp","href":"https:\/\/api.w.org\/{rel}","templated":true}]}}