{"id":3323,"date":"2020-02-07T19:00:00","date_gmt":"2020-02-07T18:00:00","guid":{"rendered":"http:\/\/ff-sghoya.de\/?p=3323"},"modified":"2020-02-12T22:11:13","modified_gmt":"2020-02-12T21:11:13","slug":"jhv-der-ff-mehringen-2","status":"publish","type":"post","link":"https:\/\/ff-sghoya.de\/?p=3323","title":{"rendered":"JHV der FF Mehringen"},"content":{"rendered":"\n<figure class=\"wp-block-image size-large is-resized\"><img loading=\"lazy\" decoding=\"async\" src=\"https:\/\/ff-sghoya.de\/wp-content\/uploads\/2020\/02\/20200207_Mehringen_JHV.jpg\" alt=\"\" class=\"wp-image-3324\" width=\"600\" height=\"450\" srcset=\"https:\/\/ff-sghoya.de\/wp-content\/uploads\/2020\/02\/20200207_Mehringen_JHV.jpg 800w, https:\/\/ff-sghoya.de\/wp-content\/uploads\/2020\/02\/20200207_Mehringen_JHV-768x576.jpg 768w\" sizes=\"auto, (max-width: 600px) 100vw, 600px\" \/><figcaption>von links: der verabschiedete stellvertretende Ortsbrandmeister Hans-Christian Stark, der neue stellvertretende Ortsbrandmeister Gotthard Schulze, Fritz Meyer, Lars Walluchs und Ortsbrandmeister Bernd Pfeiffer (Foto: FF Mehringen)<\/figcaption><\/figure>\n\n\n\n<p><strong>Gotthard Schulze zum neuen stellvertretenden Ortsbrandmeister gew\u00e4hlt<\/strong><\/p>\n\n\n\n<p>Die Freiwillige Feuerwehr Mehringen kam jetzt zu ihrer\nJahreshauptversammlung im D\u00f6rpshus in Mehringen zusammen, zu der\nOrtsbrandmeister Bernd Pfeiffer zahlreiche Kameraden und auch G\u00e4ste begr\u00fc\u00dfte.\nZu der Wehr geh\u00f6ren aktuell 22 Aktive, darunter drei Atemschutzger\u00e4tetr\u00e4ger, 12\nAlterskameraden und 15 F\u00f6rdermitglieder. In seinem Jahresr\u00fcckblick berichtete Pfeiffer\nvon einer Alarmierung der Ortswehr zu dem Gro\u00dfeinsatz bei der Smurfit Kappa.\nZusammen mit der kooperierenden St\u00fctzpunktwehr Hoya gab es gemeinsame\nAusbildungsdienste, sowie eine \u00dcbung zum Thema \u201eGro\u00dftierrettung\u201c mit dem Kran\ndes THW Ortsverband Hoya in Mehringen, eine Einsatz\u00fcbung an der Biogasanlage\nund die Mehringer Brandsch\u00fctzer nahmen an dem Waldbrand-Workshop im Sellingsloh\nteil, der in Kooperation zwischen den beiden Samtgemeinden Hoya und\nBruchhausen-Vilsen durchgef\u00fchrt wurde. Au\u00dferdem unterst\u00fctzte die Ortswehr\nwieder die Ferienkistenaktion der Jugendfeuerwehr Hilgermissen, sicherten\nzusammen mit der Ortswehr Heesen die Sch\u00fctzen- und den gemeinsamen\nErntefestumzug ab und unterst\u00fctzen bei dem Kreiszeltlager der Jugendfeuerwehren\nin Hoya mit Essensausgabe, sowie dem Backen und Verkauf des Kuchenbuffets. Bei\nden Samtgemeindewettbewerben in Hilgermissen belegte die Leistungsgruppe den\nsechsten Platz, sowie bei den Kreiswettbewerben in Vogtei den 38. Platz. Auf\nder Tagesordnung standen aber auch Wahlen, Ehrungen und Bef\u00f6rderungen.\nVerabschiedet aus den Reihen der Kameraden wurde Hans-Christian Stark, der\nwegen eines Wohnortswechsels nach Northeim auch sein Amt als stellvertretender\nOrtsbrandmeister niederlegte. Zur Erinnerung bekam er einen Pr\u00e4sentkorb mit\neinem Fotobuch aus seiner Feuerwehrzeit in Mehringen \u00fcberreicht. Als sein\nNachfolger wurde w\u00e4hrend der Versammlung Gotthard Schulze zum neuen\nStellvertreter von Bernd Pfeiffer gew\u00e4hlt. Lars Walluchs wurde zum\nstellvertretende Atemschutzger\u00e4tewart gew\u00e4hlt und zudem zum Oberfeuerwehrmann\nbef\u00f6rdert. Das Ehrenabzeichen f\u00fcr seine f\u00fcnfzigj\u00e4hrige Mitgliedschaft in der\nFreiwilligen Feuerwehr bekam Fritz Meyer verliehen. Dieter Meyer berichtete\nau\u00dferdem von den Aktivit\u00e4ten der Alterskameradschaft, dessen Tagestour in\ndiesem Jahr nach Einbeck f\u00fchrt, sowie die Dreitages-Fahrt in den Ruhrpott,\nunter anderem nach Essen mit Besichtigung eines Feuerwehrmuseums und der Firma\nBerentzen. Der stellvertretende Brandabschnittsleiter Nord Ehler Lange\nberichtete aus Kreisfeuerwehr, sowie der stellvertretende Gemeindebrandmeister\nund Ortsbrandmeister von Hoya Wilfried G\u00fctz aus der Samtgemeindeebene, unter\nanderem von dem aktuellen Stand der Bauarbeiten des Ger\u00e4tehauses\nHoya\/Mehringen, in dessen Anbau man vielleicht bei weiterhin so guten\nVoranschreiten am Ende des Jahres einziehen k\u00f6nnte. Weitere Gru\u00dfworte der G\u00e4ste\nwurden von Jugendfeuerwehrwart Erik Meyer und Tanja Clausen von der\nKinderfeuerwehr Hilgermissen \u00fcberbracht, die von den abwechslungsreichen\nDiensten und Aktionen der beiden Nachwuchswehren berichteten, bei denen die\nKinder beziehungsweise Jugendlichen viel Spa\u00df haben.<\/p>\n","protected":false},"excerpt":{"rendered":"<p>Gotthard Schulze zum neuen stellvertretenden Ortsbrandmeister gew\u00e4hlt Die Freiwillige Feuerwehr Mehringen kam jetzt zu ihrer Jahreshauptversammlung im D\u00f6rpshus in Mehringen<\/p>\n","protected":false},"author":22,"featured_media":3324,"comment_status":"closed","ping_status":"closed","sticky":false,"template":"","format":"standard","meta":{"colormag_page_container_layout":"default_layout","colormag_page_sidebar_layout":"default_layout","footnotes":""},"categories":[30,42],"tags":[],"class_list":["post-3323","post","type-post","status-publish","format-standard","has-post-thumbnail","hentry","category-allgemein","category-mehringen"],"_links":{"self":[{"href":"https:\/\/ff-sghoya.de\/index.php?rest_route=\/wp\/v2\/posts\/3323","targetHints":{"allow":["GET"]}}],"collection":[{"href":"https:\/\/ff-sghoya.de\/index.php?rest_route=\/wp\/v2\/posts"}],"about":[{"href":"https:\/\/ff-sghoya.de\/index.php?rest_route=\/wp\/v2\/types\/post"}],"author":[{"embeddable":true,"href":"https:\/\/ff-sghoya.de\/index.php?rest_route=\/wp\/v2\/users\/22"}],"replies":[{"embeddable":true,"href":"https:\/\/ff-sghoya.de\/index.php?rest_route=%2Fwp%2Fv2%2Fcomments&post=3323"}],"version-history":[{"count":1,"href":"https:\/\/ff-sghoya.de\/index.php?rest_route=\/wp\/v2\/posts\/3323\/revisions"}],"predecessor-version":[{"id":3325,"href":"https:\/\/ff-sghoya.de\/index.php?rest_route=\/wp\/v2\/posts\/3323\/revisions\/3325"}],"wp:featuredmedia":[{"embeddable":true,"href":"https:\/\/ff-sghoya.de\/index.php?rest_route=\/wp\/v2\/media\/3324"}],"wp:attachment":[{"href":"https:\/\/ff-sghoya.de\/index.php?rest_route=%2Fwp%2Fv2%2Fmedia&parent=3323"}],"wp:term":[{"taxonomy":"category","embeddable":true,"href":"https:\/\/ff-sghoya.de\/index.php?rest_route=%2Fwp%2Fv2%2Fcategories&post=3323"},{"taxonomy":"post_tag","embeddable":true,"href":"https:\/\/ff-sghoya.de\/index.php?rest_route=%2Fwp%2Fv2%2Ftags&post=3323"}],"curies":[{"name":"wp","href":"https:\/\/api.w.org\/{rel}","templated":true}]}}