{"id":3296,"date":"2020-02-01T18:00:00","date_gmt":"2020-02-01T17:00:00","guid":{"rendered":"http:\/\/ff-sghoya.de\/?p=3296"},"modified":"2020-02-05T10:58:05","modified_gmt":"2020-02-05T09:58:05","slug":"jhv-der-ff-duddenhausen-2","status":"publish","type":"post","link":"https:\/\/ff-sghoya.de\/?p=3296","title":{"rendered":"JHV der FF Duddenhausen"},"content":{"rendered":"\n<figure class=\"wp-block-image size-large is-resized\"><img loading=\"lazy\" decoding=\"async\" src=\"https:\/\/ff-sghoya.de\/wp-content\/uploads\/2020\/02\/20200201_Duddenhausen_JHV.jpg\" alt=\"\" class=\"wp-image-3297\" width=\"511\" height=\"340\" srcset=\"https:\/\/ff-sghoya.de\/wp-content\/uploads\/2020\/02\/20200201_Duddenhausen_JHV.jpg 1021w, https:\/\/ff-sghoya.de\/wp-content\/uploads\/2020\/02\/20200201_Duddenhausen_JHV-768x511.jpg 768w\" sizes=\"auto, (max-width: 511px) 100vw, 511px\" \/><figcaption>hinten, von links: Fachbereichsleiter B\u00fcrgerservice Uwe Back, Ortsbrandmeister Boris Harries, Thomas Witte, Carsten Hollmann, der stellvertretende Gemeindebrandmeister Wilfried G\u00fctz, der stellvertretende Ortsbrandmeister Michael Karsten, sowie vorne, sitzend: Wilhelm B\u00fcsing, J\u00fcrgen B\u00fcsing und Friedhelm Br\u00fcggemann<\/figcaption><\/figure>\n\n\n\n<p><strong>Ehrungen f\u00fcr insgesamt 245 Jahre<\/strong><\/p>\n\n\n\n<p>Die Freiwillige Feuerwehr Duddenhausen blickte jetzt bei\nihrer Jahreshauptversammlung im Dorfgemeinschaftshaus in Duddenhausen, zu der\nOrtsbrandmeister Boris Harries zahlreiche Kameraden und G\u00e4ste begr\u00fc\u00dfte auf ein\nruhiges Jahr zur\u00fcck. Zu der Wehr geh\u00f6ren aktuell 23 Aktive, davon zwei\nAtemschutzger\u00e4tetr\u00e4ger, 12 Alterskameraden, 48 F\u00f6rdermitglieder, sowie jeweils\nzwei Mitglieder in der Kinder- und Jugendfeuerwehr B\u00fccken und Umgebung.\nEins\u00e4tze hatten die Duddenhauser im vergangenen Jahr keine. Zu den besuchten\nLehrg\u00e4ngen und Fortbildungen geh\u00f6rten der Truppf\u00fchrer, der Gruppenf\u00fchrer Teil\neins und zwei und ein Seminar zum Thema \u201eSprengung von Geldautomaten\u201c. Zudem\nwurde an dem Waldbrand-Workshop im Sellingsloh teilgenommen, zusammen mit der\nSt\u00fctzpunktwehr ein Notfalltraining f\u00fcr die Atemschutzger\u00e4tetr\u00e4ger durchgef\u00fchrt,\nes gab eine Funk\u00fcbung, f\u00fcr die Kinder- und Jugendfeuerwehr wurde ein Dienst\nausgerichtet und an den Samtgemeindewettbewerben teilgenommen. Die\nJugendfeuerwehr wurde zudem bei ihrem Erlebniswochenende und beim Zeltlager\nunterst\u00fctzt. In Eigenleistung sanierten die Brandsch\u00fctzer au\u00dferdem unter\nanderem den Fu\u00dfboden in ihrem Ger\u00e4tehaus. G\u00fcnter Wendt berichtete von den\nAktivit\u00e4ten im abgelaufenen und im laufenden Jahr der Alterskameradschaft,\nsowie Kinderfeuerwehrwartin Kerstin Paul und Jugendfeuerwehrwartin Jessica\nEschenhorst von den vielen abwechslungsreichen Aktivit\u00e4ten der beiden\nNachwuchswehren, bei denen Kinder und Jugendliche herzlich willkommen sind mal\nbei einem Dienst \u201ereinzuschnuppern\u201c. Auf der Tagesordnung standen aber auch\nWahlen, Bef\u00f6rderungen und Ehrungen f\u00fcr insgesamt 245 Jahre. Einstimmig in\nseinem Amt best\u00e4tigt wurde Ortsbrandmeister Boris Harries, des Weiteren wurde\nMichael Karsten zum Gruppenf\u00fchrer der Gruppe Eins, J\u00fcrgen B\u00fcsing zum\nGruppenf\u00fchrer der Gruppe Zwei und Thomas Witte zum Sicherheitsbeauftragten\nebenfalls einstimmig gew\u00e4hlt. Der stellvertretende Ortsbrandmeister Michael\nKarsten wurde zum L\u00f6schmeister bef\u00f6rdert. Die Ehrenabzeichen f\u00fcr ihre\nlangj\u00e4hrige Mitgliedschaft in der Feuerwehr bekamen Carsten Hollmann f\u00fcr 25\nJahre, Friedhelm Br\u00fcggemann, Heiner Asendorf und Wilhelm B\u00fcsing f\u00fcr 40 Jahre,\nsowie Heiner Wicke und Heinrich Wallmann f\u00fcr ganze 50 Jahre verliehen. Gru\u00dfworte\nder G\u00e4ste wurden vom stellvertretendem Gemeindebrandmeister Wilfried G\u00fctz\n\u00fcberbracht, der ebenfalls aus der Samtgemeindeebene berichtete, sowie vom\nFachbereichsleiter B\u00fcrgerservice Uwe Back, B\u00fcckens Ortsbrandmeister Jan\nSchumacher, Wilhelm Schumacher vom Rat des Flecken B\u00fccken und Carsten Hollmann\nvom Sch\u00fctzenverein Duddenhausen, der auch auf das Sch\u00fctzenfest am 02. Mai mit\nneuer Musik in Duddenhausen hinwies.<\/p>\n","protected":false},"excerpt":{"rendered":"<p>Ehrungen f\u00fcr insgesamt 245 Jahre Die Freiwillige Feuerwehr Duddenhausen blickte jetzt bei ihrer Jahreshauptversammlung im Dorfgemeinschaftshaus in Duddenhausen, zu der<\/p>\n","protected":false},"author":22,"featured_media":3297,"comment_status":"closed","ping_status":"closed","sticky":false,"template":"","format":"standard","meta":{"colormag_page_container_layout":"default_layout","colormag_page_sidebar_layout":"default_layout","footnotes":""},"categories":[30,54],"tags":[],"class_list":["post-3296","post","type-post","status-publish","format-standard","has-post-thumbnail","hentry","category-allgemein","category-duddenhausen"],"_links":{"self":[{"href":"https:\/\/ff-sghoya.de\/index.php?rest_route=\/wp\/v2\/posts\/3296","targetHints":{"allow":["GET"]}}],"collection":[{"href":"https:\/\/ff-sghoya.de\/index.php?rest_route=\/wp\/v2\/posts"}],"about":[{"href":"https:\/\/ff-sghoya.de\/index.php?rest_route=\/wp\/v2\/types\/post"}],"author":[{"embeddable":true,"href":"https:\/\/ff-sghoya.de\/index.php?rest_route=\/wp\/v2\/users\/22"}],"replies":[{"embeddable":true,"href":"https:\/\/ff-sghoya.de\/index.php?rest_route=%2Fwp%2Fv2%2Fcomments&post=3296"}],"version-history":[{"count":1,"href":"https:\/\/ff-sghoya.de\/index.php?rest_route=\/wp\/v2\/posts\/3296\/revisions"}],"predecessor-version":[{"id":3298,"href":"https:\/\/ff-sghoya.de\/index.php?rest_route=\/wp\/v2\/posts\/3296\/revisions\/3298"}],"wp:featuredmedia":[{"embeddable":true,"href":"https:\/\/ff-sghoya.de\/index.php?rest_route=\/wp\/v2\/media\/3297"}],"wp:attachment":[{"href":"https:\/\/ff-sghoya.de\/index.php?rest_route=%2Fwp%2Fv2%2Fmedia&parent=3296"}],"wp:term":[{"taxonomy":"category","embeddable":true,"href":"https:\/\/ff-sghoya.de\/index.php?rest_route=%2Fwp%2Fv2%2Fcategories&post=3296"},{"taxonomy":"post_tag","embeddable":true,"href":"https:\/\/ff-sghoya.de\/index.php?rest_route=%2Fwp%2Fv2%2Ftags&post=3296"}],"curies":[{"name":"wp","href":"https:\/\/api.w.org\/{rel}","templated":true}]}}