{"id":2811,"date":"2019-06-11T19:00:03","date_gmt":"2019-06-11T17:00:03","guid":{"rendered":"http:\/\/ff-sghoya.de\/?p=2811"},"modified":"2019-06-13T12:24:26","modified_gmt":"2019-06-13T10:24:26","slug":"jhv-der-ff-buecken","status":"publish","type":"post","link":"https:\/\/ff-sghoya.de\/?p=2811","title":{"rendered":"JHV der FF B\u00fccken"},"content":{"rendered":"\n<figure class=\"wp-block-image is-resized\"><a href=\"https:\/\/ff-sghoya.de\/wp-content\/uploads\/2019\/06\/20190611_B\u00fccken_JHV.jpg\"><img loading=\"lazy\" decoding=\"async\" src=\"https:\/\/ff-sghoya.de\/wp-content\/uploads\/2019\/06\/20190611_B\u00fccken_JHV.jpg\" alt=\"\" class=\"wp-image-2812\" width=\"511\" height=\"340\" srcset=\"https:\/\/ff-sghoya.de\/wp-content\/uploads\/2019\/06\/20190611_B\u00fccken_JHV.jpg 1021w, https:\/\/ff-sghoya.de\/wp-content\/uploads\/2019\/06\/20190611_B\u00fccken_JHV-768x511.jpg 768w\" sizes=\"auto, (max-width: 511px) 100vw, 511px\" \/><\/a><figcaption>von links: Gemeindebrandmeister Carsten Meyer, der stellvertretende Ortsbrandmeister Hermann Stuve, Tim Otto, Jonas Landau, Cord Scherber, Heiko Westhoff, Heinz Scherber, Mark Kottner, Kerstin Paul, Heiko St\u00fchrmann, Frank Schmidt, Ortsbrandmeister Jan Schumacher, B\u00fcrgermeister Wilhelm Schr\u00f6der, Samtgemeindeb\u00fcrgermeister Detlef Meyer<\/figcaption><\/figure>\n\n\n\n<p><strong>Feuerwehr B\u00fccken blickt auf einsatzreiches Jahr zur\u00fcck \/\u00a0\u201eVielen Dank das ihr so schnell da wart\u201c<\/strong><\/p>\n\n\n\n<p>Traditionell am Dienstag nach Pfingsten kam die Freiwillige Feuerwehr B\u00fccken in ihrem 142. Jahr nach ihrer Gr\u00fcndung zur Jahreshauptversammlung im Saal des Landgasthaus Th\u00f6le in B\u00fccken zusammen. Hierzu begr\u00fc\u00dfte Ortsbrandmeister Jan Schumacher neben Feuerwehrkameraden auch zahlreiche G\u00e4ste aus Politik und Feuerwehr, auch eine Abordnung der Partnerfeuerwehr Hannover-Linden um deren Ortsbrandmeister Markus Wahle war wieder nach B\u00fccken gereist. Die St\u00fctzpunktwehr besteht derzeit aus 61 Aktiven mit einem Durchschnittsalter von 38,3 Jahren, drei von ihnen hatten im vergangenen Herbst die Truppmann-1-Ausbildung absolviert und mit Pascal Meyer wurde das erste Mitglied das in der Kinderfeuerwehr B\u00fccken begann aus der Jugendfeuerwehr in die Freiwillige Feuerwehr \u00fcbernommen. Hinzu kommen 16 Alterskameraden, 10 passive Mitglieder, 152 F\u00f6rdermitglieder, zwei Ehrenmitglieder, 27 Mitglieder in der Kinderfeuerwehr B\u00fccken und Umgebung, sowie 23 in der Jugendfeuerwehr B\u00fccken und Umgebung. In seinem Jahresr\u00fcckblick berichtete Schumacher von einem sehr arbeits- und ereignisreichem Jahr. Bei den 25 regul\u00e4ren Diensten und den zus\u00e4tzlichen Ausbildungsdiensten zu den Themen L\u00f6scheinsatz, technische Hilfeleistung und Gefahrgut, den 25 absolvierten Lehrg\u00e4ngen und sonstigen Terminen und Veranstaltungen, wie zum Beispiel Verkehrsabsicherungen und vielem Mehr kamen stolze 6.900 Stunden zusammen. Hinzu kommen allein 1.597 Stunden, die die ehrenamtlichen Brandsch\u00fctzer bei den 54 Eins\u00e4tzen, zu denen 21 Brandeins\u00e4tze, 30 technische Hilfeleistungen und drei aufgelaufene Brandmeldeanlagen geh\u00f6rten leisteten. Gerade der extrem trockene Sommer im vergangenen Jahr hat den Einsatzkr\u00e4ften viel abverlangt, wof\u00fcr Jan Schumacher seinen Kameraden ausdr\u00fccklich f\u00fcr ihre geopferte Freizeit bedankte. Eine Anerkennung f\u00fcr ihre Arbeit bekamen sie aber auch von einem Opfer eines schweren Verkehrsunfalls Anfang dieses Jahres in Duddenhausen, Ortsbrandmeister Jan Schumacher richtete seinen Kameraden auf der Versammlung von ihr aus: \u201eVielen Dank das ihr so schnell da wart!\u201c In weiteren Berichten informierte der 1. Vorsitzende Wilhelm Schumacher \u00fcber den F\u00f6rderverein, der die Nachwuchswehren, die Alterskameradschaft unterst\u00fctzt und Anschaffungen f\u00fcr die Aktiven t\u00e4tigt. So wurden unter anderem neue Betten f\u00fcr die Jugendfeuerwehr f\u00fcr das Zeltlager beschafft, ein \u201eroter Faden\u201c war im vergangenen Jahr der neue \u00dcbungsplatz, der mit viel Eigenleistungen angelegt und im Oktober eingeweiht wurde, aktuell sind neue Tore f\u00fcr das Ger\u00e4tehaus in Arbeit. Bedauerlich seien die immer r\u00fcckl\u00e4ufiger werdenden Zahlen bei den Altpapiersammlungen. Kinderfeuerwehrwartin Kerstin Paul berichtete von den abwechslungsreichen Aktivit\u00e4ten der 27 Kinder, zu denen gemeinsame Dienste mit der Jugendfeuerwehr geh\u00f6ren, oder auch eine Fahrt zur Feuerwache 4 in Hannover. Jugendfeuerwehrwartin Jessica Eschenhorst berichtete ebenfalls von den vielen Veranstaltungen der Jugendfeuerwehr. Diese bereitet in B\u00fccken etwas Sorgen, f\u00fcnf Mitglieder wurden im letzten Jahr an die zugeh\u00f6rigen Ortswehren \u00fcbergeben, sechs weitere verlassen die Jugendwehr Ende diesen Jahres, es kommen aber nur zwei aus der Kinderfeuerwehr nach. Auch zeitlich sind die Jugendlichen heutzutage durch Schule und dem gro\u00dfen Freizeitangebot begrenzt und k\u00f6nnen dadurch nicht immer am Dienst und weiteren Veranstaltungen teilnehmen. Die Mitglieder, die beim Dienst anwesend sind, seien aber immer mit viel Spa\u00df bei der Sache. Auf der Tagesordnung standen aber auch Ehrungen und Bef\u00f6rderungen. Geehrt wurden Cord Scherber f\u00fcr seine 40j\u00e4hrige Mitgliedschaft und Heinz Scherber f\u00fcr stolze 50 Jahre in der Feuerwehr. Bef\u00f6rdert wurden Frank Schmidt, Tim Otto und Jonas Landau zu Oberfeuerwehrm\u00e4nnern, Kerstin Paul und Heiko Westhoff zu L\u00f6schmeistern, sowie Mark Kottner und Heiko St\u00fchrmann zu Hauptl\u00f6schmeistern. Weiterhin wurde Heinrich Hocke aus den Reihen der Aktiven mit einem Pr\u00e4sentkorb in die Altersabteilung verabschiedet, er war unter anderem seit 1989 stellvertretende Ger\u00e4tewart, von seiner Wettbewerbsgruppe bekam er zudem seinen Helm, auf dem alle Gruppenmitglieder unterschrieben hatten \u00fcberreicht. Gemeindebrandmeister Carsten Meyer bedankte sich bei der aktiven Wehr f\u00fcr ihr Engagement und berichtete aus der Samtgemeindeebene, viel Arbeit werde bald mit dem Kreisjugendfeuerwehrzeltlager vom 5. bis 14. Juli in Hoya, zu dem sich 1.050 Jugendliche angemeldet haben auf die achtzehn Ortswehren zukommen. Auch Samtgemeindeb\u00fcrgermeister Detlef Meyer und B\u00fcrgermeister des Fleckens B\u00fccken Wilhelm Schr\u00f6der dankten f\u00fcr die enorme Einsatzbereitschaft und \u00fcberbrachten Gr\u00fc\u00dfe aus Rat und Verwaltung. Weitere Gru\u00dfworte sprachen die stellvertretende Ortsbrandmeisterin von Hoya Petra Guder, Werksbrandmeister der Smurfit Kappa Ren\u00e9 Altenau und B\u00fcckens Pastorin Ann Kristin Mundt aus. Der 1. Vorsitzende der Sch\u00fctzencorps Lars Grasmeder bedankte sich in Hinblick auf die \u201ef\u00fcnfte Jahreszeit\u201c, dem Sch\u00fctzenfest in B\u00fccken ganz besonders, denn allein in diesen sieben Tagen leistet die Freiwillige Feuerwehr jedes Jahr insgesamt 45 Stunden die Verkehrsabsicherung bei den Umz\u00fcgen. Der stellvertretende Ortsbrandmeister Hermann Stuve schloss die Versammlung, dankte seinen Kameraden ebenfalls f\u00fcr die geleistete Arbeit und die gute Zusammenarbeit und bat sie sich Gedanken um seine Nachfolge zu machen, da seine Amtszeit im April n\u00e4chsten Jahres endet. <\/p>\n","protected":false},"excerpt":{"rendered":"<p>Feuerwehr B\u00fccken blickt auf einsatzreiches Jahr zur\u00fcck \/\u00a0\u201eVielen Dank das ihr so schnell da wart\u201c Traditionell am Dienstag nach Pfingsten<\/p>\n","protected":false},"author":22,"featured_media":2812,"comment_status":"closed","ping_status":"closed","sticky":false,"template":"","format":"standard","meta":{"colormag_page_container_layout":"default_layout","colormag_page_sidebar_layout":"default_layout","footnotes":""},"categories":[30,53],"tags":[],"class_list":["post-2811","post","type-post","status-publish","format-standard","has-post-thumbnail","hentry","category-allgemein","category-buecken"],"_links":{"self":[{"href":"https:\/\/ff-sghoya.de\/index.php?rest_route=\/wp\/v2\/posts\/2811","targetHints":{"allow":["GET"]}}],"collection":[{"href":"https:\/\/ff-sghoya.de\/index.php?rest_route=\/wp\/v2\/posts"}],"about":[{"href":"https:\/\/ff-sghoya.de\/index.php?rest_route=\/wp\/v2\/types\/post"}],"author":[{"embeddable":true,"href":"https:\/\/ff-sghoya.de\/index.php?rest_route=\/wp\/v2\/users\/22"}],"replies":[{"embeddable":true,"href":"https:\/\/ff-sghoya.de\/index.php?rest_route=%2Fwp%2Fv2%2Fcomments&post=2811"}],"version-history":[{"count":1,"href":"https:\/\/ff-sghoya.de\/index.php?rest_route=\/wp\/v2\/posts\/2811\/revisions"}],"predecessor-version":[{"id":2813,"href":"https:\/\/ff-sghoya.de\/index.php?rest_route=\/wp\/v2\/posts\/2811\/revisions\/2813"}],"wp:featuredmedia":[{"embeddable":true,"href":"https:\/\/ff-sghoya.de\/index.php?rest_route=\/wp\/v2\/media\/2812"}],"wp:attachment":[{"href":"https:\/\/ff-sghoya.de\/index.php?rest_route=%2Fwp%2Fv2%2Fmedia&parent=2811"}],"wp:term":[{"taxonomy":"category","embeddable":true,"href":"https:\/\/ff-sghoya.de\/index.php?rest_route=%2Fwp%2Fv2%2Fcategories&post=2811"},{"taxonomy":"post_tag","embeddable":true,"href":"https:\/\/ff-sghoya.de\/index.php?rest_route=%2Fwp%2Fv2%2Ftags&post=2811"}],"curies":[{"name":"wp","href":"https:\/\/api.w.org\/{rel}","templated":true}]}}