{"id":1768,"date":"2018-02-02T19:00:06","date_gmt":"2018-02-02T18:00:06","guid":{"rendered":"http:\/\/ff-sghoya.de\/?p=1768"},"modified":"2018-02-08T18:00:38","modified_gmt":"2018-02-08T17:00:38","slug":"jahreshauptversammlung-der-ff-eystrup","status":"publish","type":"post","link":"https:\/\/ff-sghoya.de\/?p=1768","title":{"rendered":"Jahreshauptversammlung der FF Eystrup"},"content":{"rendered":"<figure id=\"attachment_1769\" aria-describedby=\"caption-attachment-1769\" style=\"width: 200px\" class=\"wp-caption alignnone\"><a href=\"http:\/\/ff-sghoya.de\/wp-content\/uploads\/2018\/02\/20180202_Eystrup_JHV.jpg\"><img loading=\"lazy\" decoding=\"async\" class=\"wp-image-1769\" src=\"http:\/\/ff-sghoya.de\/wp-content\/uploads\/2018\/02\/20180202_Eystrup_JHV.jpg\" alt=\"\" width=\"200\" height=\"133\" srcset=\"https:\/\/ff-sghoya.de\/wp-content\/uploads\/2018\/02\/20180202_Eystrup_JHV.jpg 1021w, https:\/\/ff-sghoya.de\/wp-content\/uploads\/2018\/02\/20180202_Eystrup_JHV-768x511.jpg 768w\" sizes=\"auto, (max-width: 200px) 100vw, 200px\" \/><\/a><figcaption id=\"caption-attachment-1769\" class=\"wp-caption-text\">von links: Samtgemeindeb\u00fcrgermeister Detlef Meyer, der stellvertretende Gemeindebrandmeister Georg B\u00fchmann, Ortsbrandmeister Uwe Kardas, Carsten Niehus, Patrick Kather, Wilhelm Bergmann-Kramer, J\u00fcrgen Schindler, Jan Brinkmann und der stellvertretende Brandschutzabschnittsleiter Nord Ehler Lange<\/figcaption><\/figure>\n<p><strong><span style=\"color: #000000; font-family: Calibri;\">Ehrungen f\u00fcr 125 Jahre und viele Eins\u00e4tze<\/span><\/strong><\/p>\n<p><span style=\"color: #000000; font-family: Calibri;\">Auf ein Jahr mit sehr vielen Eins\u00e4tzen blickte die St\u00fctzpunktwehr Eystrup nun im Restaurant Parrmann in Eystrup zur\u00fcck. Zu der Jahreshauptversammlung begr\u00fc\u00dfte Ortsbrandmeister Uwe Kardas neben 35 Aktiven auch G\u00e4ste aus Feuerwehr und Politik. 219 Einwohner Eystrups unterst\u00fctzen derzeit die Wehr, darunter 40 Aktive wovon 13 Atemschutzger\u00e4tetr\u00e4ger sind, 19 Alterskameraden, 15 Mitglieder in der Jugendfeuerwehr Eystrup und Umgebung, sowie 6 in der Kinderfeuerwehr \u201eL\u00f6schkids\u201c. An 136 Terminen kamen bei den Brandsch\u00fctzern 5.159 Stunden zusammen. Gepr\u00e4gt war das vergangene Jahr durch sehr viele Eins\u00e4tze, insgesamt 48 Alarmierungen, davon 11 Brandeins\u00e4tze, 6 Vorsorgealarme durch Brandmeldeanlagen und eine Alarm\u00fcbung. Zu den 30 technischen Hilfeleistungen z\u00e4hlten 13 Sturmsch\u00e4den, allein im Oktober beim Sturm \u201eXavier\u201c waren es sieben Einsatzstellen mit denen die Einsatzkr\u00e4fte 7 \u00be Stunden zu tun hatten, bei drei der Sturmeins\u00e4tze brauchte man die Drehleiter aus Nienburg als Unterst\u00fctzung. Ansonsten war von einer Tierrettung, Tragehilfe f\u00fcr den Rettungsdienst, Personenhilfe und mit Wasser vollgelaufene Keller alles dabei. Kardas bedankte sich bei seinen Kameraden f\u00fcr ihr umsichtiges Verhalten, denn alle Eins\u00e4tze wurden unfallfrei abgearbeitet. Zu den besuchten Lehrg\u00e4ngen f\u00fcnf Sprechfunker, ein Digitalfunk, vier Atemschutzger\u00e4tetr\u00e4ger-Lehrg\u00e4nge, ein Atemschutznotfalltraining, eine Plan\u00fcbung, ein Seminar f\u00fcr F\u00fchrungskr\u00e4fte der Jugendfeuerwehr, Gruppenf\u00fchrer und Zugf\u00fchrer jeweils Teil 1 und 2. Das Seminar f\u00fcr Wald- und Fl\u00e4chenbr\u00e4nde im Juli in Hoya wurde von sechs Kameraden besucht, die Inhalte wurden bereits bei einer Schulung innerhalb der Ortswehr weitergegeben. Au\u00dferdem geh\u00f6rte zu den Aktivit\u00e4ten der Wehr die Teilnahme mit einer Vorf\u00fchrung beim Fr\u00fchlingsmarkt, Verkehrsabsicherungen, das \u00f6rtliche Osterfeuer und sogar eine Betankung einer Dampflok zusammen mit der Jugendfeuerwehr. Neben zwei Funk\u00fcbungen wurde sich auch bei f\u00fcnf Einsatz\u00fcbungen, Diensten zum Thema Technische Hilfe und f\u00fcr Maschinisten aus- und fortgebildet. Ein erfolgreiches Jahr hat die Altersgruppe in Sachen Wettbewerbe hinter sich, bei den Samtgemeindewettbewerben in Magelsen belegten sie den 3. Platz und in Heesen, Barme und H\u00e4melhausen jeweils den 1. Platz. Die Leistungsgruppe belegte in Magelsen Platz 11, bei den Kreiswettbewerben in Rehburg den 5. Platz und beim Stadt-Nienburg-Pokal in H\u00e4melhausen den 10 Platz. In weiteren Berichten w\u00fcnschten sich die Gruppenf\u00fchrer eine noch bessere Dienstbeteiligung im laufenden Jahr. Der stellvertretende Jugendfeuerwehrwart Niklas Broschwitz berichtete aus dem vielseitigem Jahr der Jugendfeuerwehr, die Sebastian Siemsen in die aktive Wehr in Eystrup \u00fcbergeben konnten. Kinderfeuerwehrwart Markus Ullrich berichtete von derzeit 35 Mitgliedern, sie \u00fcbergaben im vergangenem Jahr sieben Kinder an die Jugendfeuerwehr. Die Brandschutzerzieherin Sylvia Lepakowski hatte 87 Stunden Arbeit geleistet, wozu neben den Brandschutzerziehungen in Schulen und Kinderg\u00e4rten auch die w\u00f6chentliche AG in der Grundschule Eystrup geh\u00f6rt. Aber auch Wahlen, Ehrungen und Bef\u00f6rderungen standen auf der Tagesordnung. Patrick Kather wurde zum Hauptl\u00f6schmeister, sowie Jan Brinkmann zum L\u00f6schmeister bef\u00f6rdert. Das Ehrenabzeichen des Nieders\u00e4chsischen Feuerwehrverbands bekamen Carsten Niehus f\u00fcr 25 Jahre, sowie Wilhelm Bergmann-Kramer und J\u00fcrgen Schindler f\u00fcr jeweils 50 Jahre. Die Schriftwartin Kirsten Brinkmann und ihr Stellvertreter Carsten Sch\u00fcnemann wurden in ihren \u00c4mtern best\u00e4tigt. Der Festausschuss der Wehr, der unter anderem den j\u00e4hrlichen Kameradschaftsabend organisiert besteht nun aus Patrick Sch\u00fcnemann, Jonathan Lange, Franziska Kordges und Tamara Wagner und zum Kassenpr\u00fcfer wurde Jonathan Lange gew\u00e4hlt. Der stellvertretende Gemeindebrandmeister Georg B\u00fchmann hatte neben seinem Bericht aus der Samtgemeindeebene noch eine \u00dcberraschung f\u00fcr die neun Mitglieder der Leistungsgruppe die bei den Kreiswettbewerben den 5. Platz mit 400,34 Punkten erreicht hatten. Daf\u00fcr bekamen Kirsten Brinkmann, Simon Bockhardt, Franziska Kordges, Arne Brinkmann, Jonathan Lange, Jan Brinkmann, Marcel Lackmann, Florian Sch\u00fcnemann und Patrick Sch\u00fcnemann die Leistungsspange in Bronze \u00fcberreicht. Weitere Gru\u00dfworte wurden von dem stellvertretendem Brandschutzabschnittsleiter Nord Ehler Lange und Samtgemeindeb\u00fcrgermeister Detlef Meyer \u00fcberbracht, die sich f\u00fcr die geleistete Arbeit und die Einsatzbereitschaft bedankten. Pastor Thies Jarecki f\u00fcgte dem hinzu: \u201eihr steckt eure Kraft nicht nur in die Feuerwehr, sondern investiert sie f\u00fcr die Gesellschaft und das Gemeinwohl, das ist eine tolle Sache\u201c.<\/span><\/p>\n","protected":false},"excerpt":{"rendered":"<p>Ehrungen f\u00fcr 125 Jahre und viele Eins\u00e4tze Auf ein Jahr mit sehr vielen Eins\u00e4tzen blickte die St\u00fctzpunktwehr Eystrup nun im<\/p>\n","protected":false},"author":22,"featured_media":1769,"comment_status":"closed","ping_status":"closed","sticky":false,"template":"","format":"standard","meta":{"colormag_page_container_layout":"default_layout","colormag_page_sidebar_layout":"default_layout","footnotes":""},"categories":[30,56],"tags":[],"class_list":["post-1768","post","type-post","status-publish","format-standard","has-post-thumbnail","hentry","category-allgemein","category-eystrup"],"_links":{"self":[{"href":"https:\/\/ff-sghoya.de\/index.php?rest_route=\/wp\/v2\/posts\/1768","targetHints":{"allow":["GET"]}}],"collection":[{"href":"https:\/\/ff-sghoya.de\/index.php?rest_route=\/wp\/v2\/posts"}],"about":[{"href":"https:\/\/ff-sghoya.de\/index.php?rest_route=\/wp\/v2\/types\/post"}],"author":[{"embeddable":true,"href":"https:\/\/ff-sghoya.de\/index.php?rest_route=\/wp\/v2\/users\/22"}],"replies":[{"embeddable":true,"href":"https:\/\/ff-sghoya.de\/index.php?rest_route=%2Fwp%2Fv2%2Fcomments&post=1768"}],"version-history":[{"count":1,"href":"https:\/\/ff-sghoya.de\/index.php?rest_route=\/wp\/v2\/posts\/1768\/revisions"}],"predecessor-version":[{"id":1770,"href":"https:\/\/ff-sghoya.de\/index.php?rest_route=\/wp\/v2\/posts\/1768\/revisions\/1770"}],"wp:featuredmedia":[{"embeddable":true,"href":"https:\/\/ff-sghoya.de\/index.php?rest_route=\/wp\/v2\/media\/1769"}],"wp:attachment":[{"href":"https:\/\/ff-sghoya.de\/index.php?rest_route=%2Fwp%2Fv2%2Fmedia&parent=1768"}],"wp:term":[{"taxonomy":"category","embeddable":true,"href":"https:\/\/ff-sghoya.de\/index.php?rest_route=%2Fwp%2Fv2%2Fcategories&post=1768"},{"taxonomy":"post_tag","embeddable":true,"href":"https:\/\/ff-sghoya.de\/index.php?rest_route=%2Fwp%2Fv2%2Ftags&post=1768"}],"curies":[{"name":"wp","href":"https:\/\/api.w.org\/{rel}","templated":true}]}}