{"id":1762,"date":"2018-02-06T20:23:32","date_gmt":"2018-02-06T19:23:32","guid":{"rendered":"http:\/\/ff-sghoya.de\/?p=1762"},"modified":"2018-02-07T19:39:44","modified_gmt":"2018-02-07T18:39:44","slug":"grosseinsatz-nach-garagenbrand","status":"publish","type":"post","link":"https:\/\/ff-sghoya.de\/?p=1762","title":{"rendered":"Gro\u00dfeinsatz nach Garagenbrand"},"content":{"rendered":"<p><a href=\"http:\/\/ff-sghoya.de\/wp-content\/uploads\/2018\/02\/20180206_Schweringen_Einsatz.jpg\"><img loading=\"lazy\" decoding=\"async\" class=\"alignnone wp-image-1763 size-full\" src=\"http:\/\/ff-sghoya.de\/wp-content\/uploads\/2018\/02\/20180206_Schweringen_Einsatz-e1518028356623.jpg\" alt=\"\" width=\"200\" height=\"133\" \/>\u00a0<\/a><a href=\"http:\/\/ff-sghoya.de\/wp-content\/uploads\/2018\/02\/20180206_Schweringen_Einsatz-2.jpg\"><img loading=\"lazy\" decoding=\"async\" class=\"alignnone wp-image-1764\" src=\"http:\/\/ff-sghoya.de\/wp-content\/uploads\/2018\/02\/20180206_Schweringen_Einsatz-2.jpg\" alt=\"\" width=\"200\" height=\"133\" srcset=\"https:\/\/ff-sghoya.de\/wp-content\/uploads\/2018\/02\/20180206_Schweringen_Einsatz-2.jpg 1022w, https:\/\/ff-sghoya.de\/wp-content\/uploads\/2018\/02\/20180206_Schweringen_Einsatz-2-768x511.jpg 768w\" sizes=\"auto, (max-width: 200px) 100vw, 200px\" \/><\/a><a href=\"http:\/\/ff-sghoya.de\/wp-content\/uploads\/2018\/02\/20180206_Schweringen_Einsatz-3.jpg\"><img loading=\"lazy\" decoding=\"async\" class=\"alignnone wp-image-1765\" src=\"http:\/\/ff-sghoya.de\/wp-content\/uploads\/2018\/02\/20180206_Schweringen_Einsatz-3.jpg\" alt=\"\" width=\"200\" height=\"133\" srcset=\"https:\/\/ff-sghoya.de\/wp-content\/uploads\/2018\/02\/20180206_Schweringen_Einsatz-3.jpg 1022w, https:\/\/ff-sghoya.de\/wp-content\/uploads\/2018\/02\/20180206_Schweringen_Einsatz-3-768x511.jpg 768w\" sizes=\"auto, (max-width: 200px) 100vw, 200px\" \/><\/a><a href=\"http:\/\/ff-sghoya.de\/wp-content\/uploads\/2018\/02\/20180206_Schweringen_Einsatz-2.jpg\">\u00a0\u00a0<\/a><a href=\"http:\/\/ff-sghoya.de\/wp-content\/uploads\/2018\/02\/20180206_Schweringen_Einsatz-4.jpg\"><img loading=\"lazy\" decoding=\"async\" class=\"alignnone wp-image-1766\" src=\"http:\/\/ff-sghoya.de\/wp-content\/uploads\/2018\/02\/20180206_Schweringen_Einsatz-4.jpg\" alt=\"\" width=\"200\" height=\"133\" srcset=\"https:\/\/ff-sghoya.de\/wp-content\/uploads\/2018\/02\/20180206_Schweringen_Einsatz-4.jpg 1022w, https:\/\/ff-sghoya.de\/wp-content\/uploads\/2018\/02\/20180206_Schweringen_Einsatz-4-768x511.jpg 768w\" sizes=\"auto, (max-width: 200px) 100vw, 200px\" \/><\/a><\/p>\n<p><strong><span style=\"color: #000000; font-family: Calibri;\">Gefahrguteinsatz nach Garagenbrand<\/span><\/strong><\/p>\n<p><span style=\"color: #000000; font-family: Calibri;\">Zu einem Gro\u00dfeinsatz kam es gestern Abend nach einem Brand in der Kirchstra\u00dfe in Schweringen. Um 20:23 Uhr wurden die Feuerwehren Schweringen und B\u00fccken zun\u00e4chst zu einem Garagenbrand alarmiert. Ein aufmerksamer Passant hatte an einem landwirtschaftlichen Anwesen einen Brandgeruch wahrgenommen und Qualm aus der Garage des Nebengeb\u00e4udes ziehen sehen, er klingelte sofort bei den Besitzern die umgehend die Feuerwehr riefen. Die drei\u00dfig anger\u00fcckten Einsatzkr\u00e4fte schoben den in der Garage befindlichen PKW hinaus und hatten das Feuer schnell gel\u00f6scht, bevor es in die Zwischendecke ziehen konnte. Durch den Brand wurden allerdings in einem Schrank gelagerte Kanister besch\u00e4digt aus denen Pflanzenschutzmittel austrat. Unter dem Stichwort Gefahrguteinsatz Alarmstufe 2 wurde die Kreisumweltbereitschaft Nord mit den Wehren Hoya, Helzendorf-Nordholz, Hassel und Gandesbergen, die Ger\u00e4teeinheit der Kreisfeuerwehrbereitschaft \u201eUmwelt\u201c aus Nienburg und der ABC-Zug aus Nienburg nachalarmiert. In Zusammenhang mit dem Gefahrgutalarm r\u00fcckten auch zwei Rettungswagen mit sechs Einsatzkr\u00e4ften der Johanniter-Unfallhilfe aus Landesbergen und Hoya zum Schutz der rund 41 Atemschutzger\u00e4tetr\u00e4ger an, sowie der stellvertretende Abschnittsleiter Nord Ehler Lange und von der unteren Wasserbeh\u00f6rde des Landkreis Nienburg Ehler Meyer. Den Nachbarn des Anwesens wurde Bescheid gegeben Fenster und T\u00fcren geschlossen zu halten. Insgesamt waren etwa 131 Einsatzkr\u00e4fte unter der Leitung von dem stellvertretendem Gemeindebrandmeister Georg B\u00fchmann vor Ort. Das ausgelaufene Pflanzenschutzmittel das mit dem L\u00f6schwasser auf den Hof gelaufen war wurde truppweise von Atemschutzger\u00e4tetr\u00e4gern in Einweganz\u00fcgen mit einem speziellen chemiebest\u00e4ndigen Sauger aufgenommen und zum Abtransport in F\u00e4sser gef\u00fcllt. Damit die Einsatzkr\u00e4fte sich bei den Minustemperaturen w\u00e4hrend des rund viereinhalbst\u00fcndigen Einsatzes aufw\u00e4rmen k\u00f6nnen um einsatzf\u00e4hig zu bleiben wurde ein Zelt aufgebaut und sie wurden von Anwohnern und dem Versorgungszug aus Wietzen mit hei\u00dfen Getr\u00e4nken versorgt. Zur Brandursache und Schadenh\u00f6he konnte die Polizei aus Marklohe am sp\u00e4ten Abend noch keine Angaben machen.<\/span><\/p>\n","protected":false},"excerpt":{"rendered":"<p>\u00a0\u00a0\u00a0 Gefahrguteinsatz nach Garagenbrand Zu einem Gro\u00dfeinsatz kam es gestern Abend nach einem Brand in der Kirchstra\u00dfe in Schweringen. Um<\/p>\n","protected":false},"author":22,"featured_media":1765,"comment_status":"closed","ping_status":"closed","sticky":false,"template":"","format":"standard","meta":{"colormag_page_container_layout":"default_layout","colormag_page_sidebar_layout":"default_layout","footnotes":""},"categories":[53,31,34,36,37,39,44],"tags":[],"class_list":["post-1762","post","type-post","status-publish","format-standard","has-post-thumbnail","hentry","category-buecken","category-einsaetze","category-gandesbergen","category-hassel","category-helzendorf-nordholz","category-hoya","category-schweringen"],"_links":{"self":[{"href":"https:\/\/ff-sghoya.de\/index.php?rest_route=\/wp\/v2\/posts\/1762","targetHints":{"allow":["GET"]}}],"collection":[{"href":"https:\/\/ff-sghoya.de\/index.php?rest_route=\/wp\/v2\/posts"}],"about":[{"href":"https:\/\/ff-sghoya.de\/index.php?rest_route=\/wp\/v2\/types\/post"}],"author":[{"embeddable":true,"href":"https:\/\/ff-sghoya.de\/index.php?rest_route=\/wp\/v2\/users\/22"}],"replies":[{"embeddable":true,"href":"https:\/\/ff-sghoya.de\/index.php?rest_route=%2Fwp%2Fv2%2Fcomments&post=1762"}],"version-history":[{"count":1,"href":"https:\/\/ff-sghoya.de\/index.php?rest_route=\/wp\/v2\/posts\/1762\/revisions"}],"predecessor-version":[{"id":1767,"href":"https:\/\/ff-sghoya.de\/index.php?rest_route=\/wp\/v2\/posts\/1762\/revisions\/1767"}],"wp:featuredmedia":[{"embeddable":true,"href":"https:\/\/ff-sghoya.de\/index.php?rest_route=\/wp\/v2\/media\/1765"}],"wp:attachment":[{"href":"https:\/\/ff-sghoya.de\/index.php?rest_route=%2Fwp%2Fv2%2Fmedia&parent=1762"}],"wp:term":[{"taxonomy":"category","embeddable":true,"href":"https:\/\/ff-sghoya.de\/index.php?rest_route=%2Fwp%2Fv2%2Fcategories&post=1762"},{"taxonomy":"post_tag","embeddable":true,"href":"https:\/\/ff-sghoya.de\/index.php?rest_route=%2Fwp%2Fv2%2Ftags&post=1762"}],"curies":[{"name":"wp","href":"https:\/\/api.w.org\/{rel}","templated":true}]}}